{"id":2036,"date":"2017-10-04T15:44:36","date_gmt":"2017-10-04T18:44:36","guid":{"rendered":"https:\/\/blogs.correiobraziliense.com.br\/consumidor\/?p=2036"},"modified":"2017-10-04T16:58:12","modified_gmt":"2017-10-04T19:58:12","slug":"gdf-passa-cobrar-taxa-por-viagem","status":"publish","type":"post","link":"https:\/\/blogs.correiobraziliense.com.br\/consumidor\/gdf-passa-cobrar-taxa-por-viagem\/","title":{"rendered":"Aplicativos de transporte: GDF passa a cobrar taxa por viagem"},"content":{"rendered":"<p><a href=\"https:\/\/blogs.correiobraziliense.com.br\/consumidor\/wp-content\/uploads\/sites\/11\/2016\/10\/CBIFOT140920160476.jpg\" rel=\"attachment wp-att-1425\"><img loading=\"lazy\" decoding=\"async\" class=\"size-full wp-image-1425 aligncenter\" src=\"https:\/\/blogs.correiobraziliense.com.br\/consumidor\/wp-content\/uploads\/sites\/11\/2016\/10\/CBIFOT140920160476.jpg\" alt=\"ANGELO MERENDINO\" width=\"800\" height=\"532\" srcset=\"https:\/\/blogs.correiobraziliense.com.br\/consumidor\/wp-content\/uploads\/sites\/11\/2016\/10\/CBIFOT140920160476.jpg 800w, https:\/\/blogs.correiobraziliense.com.br\/consumidor\/wp-content\/uploads\/sites\/11\/2016\/10\/CBIFOT140920160476-300x200.jpg 300w, https:\/\/blogs.correiobraziliense.com.br\/consumidor\/wp-content\/uploads\/sites\/11\/2016\/10\/CBIFOT140920160476-768x511.jpg 768w, https:\/\/blogs.correiobraziliense.com.br\/consumidor\/wp-content\/uploads\/sites\/11\/2016\/10\/CBIFOT140920160476-350x233.jpg 350w, https:\/\/blogs.correiobraziliense.com.br\/consumidor\/wp-content\/uploads\/sites\/11\/2016\/10\/CBIFOT140920160476-550x366.jpg 550w, https:\/\/blogs.correiobraziliense.com.br\/consumidor\/wp-content\/uploads\/sites\/11\/2016\/10\/CBIFOT140920160476-230x153.jpg 230w\" sizes=\"auto, (max-width: 800px) 100vw, 800px\" \/><\/a><\/p>\n<p>A partir desta quarta-feira (4\/10), o governo do Distrito Federal passa a cobrar 1% de taxa sobre cada viagem realizada via aplicativos de transporte individual de passageiros, feito por empresas como Uber, Cabify e 99PoP. A porcentagem foi divulgada no Di\u00e1rio Oficial do DF.<\/p>\n<p>De acordo com a portaria, as empresas v\u00e3o contabilizar o total das viagens mensais, calcular 1% sobre essa quantia e, ent\u00e3o, informar\u00e3o \u00e0 Secretaria de Mobilidade (Semob). A operadora ter\u00e1 o prazo de at\u00e9 10 dias do m\u00eas seguinte para o envio do valor total do pre\u00e7o p\u00fablico apurado no m\u00eas anterior. Em seguida, a Semob vai emitir um documento de arrecada\u00e7\u00e3o. O documento estabelece a suspens\u00e3o do cadastro da operadora em caso de inadimpl\u00eancia por tr\u00eas meses consecutivos. Pela norma, quem paga o valor \u00e9 a empresa operadora do aplicativo. Elas ainda n\u00e3o informaram se repassar\u00e3o o \u00edndice aos consumidores.<\/p>\n<p>A portaria determina ainda a obrigatoriedade de identifica\u00e7\u00e3o do ve\u00edculo prestador do servi\u00e7o e o padr\u00e3o a ser seguido. O selo deve ficar vis\u00edvel externamente, no lado direito inferior do para-brisa. Na parte externa, dever\u00e1 conter c\u00f3digo QR Code, para acesso \u00e0s informa\u00e7\u00f5es de inspe\u00e7\u00e3o veicular.<\/p>\n<p>O cadastro de motoristas ser\u00e1 feito pelas empresas. Os condutores devem apresentar os documentos na operadora do aplicativo e ela passar\u00e1 as informa\u00e7\u00f5es para a Semob. Entre as informa\u00e7\u00f5es exigidas est\u00e3o: nome, CPF, declara\u00e7\u00e3o de nada consta criminal, placa do ve\u00edculo, UF do ve\u00edculo, e-mail e celular do prestador. Do ve\u00edculo, a Semob exigir\u00e1 a placa, a UF, o Renavam e o ano de fabrica\u00e7\u00e3o.<\/p>\n<p>&nbsp;<\/p>\n","protected":false},"excerpt":{"rendered":"<p>A partir desta quarta-feira (4\/10), o governo do Distrito Federal passa a cobrar 1% de taxa sobre cada viagem realizada via aplicativos de transporte individual de passageiros, feito por empresas como Uber, Cabify e 99PoP. A porcentagem foi divulgada no Di\u00e1rio Oficial do DF. De acordo com a portaria, as empresas v\u00e3o contabilizar o total das viagens mensais, calcular 1% [&hellip;]<\/p>\n","protected":false},"author":28,"featured_media":0,"comment_status":"open","ping_status":"closed","sticky":false,"template":"","format":"standard","meta":{"footnotes":""},"categories":[144],"tags":[380,129,381,124],"class_list":["post-2036","post","type-post","status-publish","format-standard","hentry","category-consumidor","tag-cabify","tag-gdf","tag-semob","tag-uber"],"_links":{"self":[{"href":"https:\/\/blogs.correiobraziliense.com.br\/consumidor\/wp-json\/wp\/v2\/posts\/2036","targetHints":{"allow":["GET"]}}],"collection":[{"href":"https:\/\/blogs.correiobraziliense.com.br\/consumidor\/wp-json\/wp\/v2\/posts"}],"about":[{"href":"https:\/\/blogs.correiobraziliense.com.br\/consumidor\/wp-json\/wp\/v2\/types\/post"}],"author":[{"embeddable":true,"href":"https:\/\/blogs.correiobraziliense.com.br\/consumidor\/wp-json\/wp\/v2\/users\/28"}],"replies":[{"embeddable":true,"href":"https:\/\/blogs.correiobraziliense.com.br\/consumidor\/wp-json\/wp\/v2\/comments?post=2036"}],"version-history":[{"count":5,"href":"https:\/\/blogs.correiobraziliense.com.br\/consumidor\/wp-json\/wp\/v2\/posts\/2036\/revisions"}],"predecessor-version":[{"id":2042,"href":"https:\/\/blogs.correiobraziliense.com.br\/consumidor\/wp-json\/wp\/v2\/posts\/2036\/revisions\/2042"}],"wp:attachment":[{"href":"https:\/\/blogs.correiobraziliense.com.br\/consumidor\/wp-json\/wp\/v2\/media?parent=2036"}],"wp:term":[{"taxonomy":"category","embeddable":true,"href":"https:\/\/blogs.correiobraziliense.com.br\/consumidor\/wp-json\/wp\/v2\/categories?post=2036"},{"taxonomy":"post_tag","embeddable":true,"href":"https:\/\/blogs.correiobraziliense.com.br\/consumidor\/wp-json\/wp\/v2\/tags?post=2036"}],"curies":[{"name":"wp","href":"https:\/\/api.w.org\/{rel}","templated":true}]}}