{"id":202,"date":"2012-09-03T15:17:00","date_gmt":"2012-09-03T18:17:00","guid":{"rendered":"https:\/\/blogs.correiobraziliense.com.br\/consumidor\/anatel_recruta_voluntarios_para_testar_banda_larga_brasileira\/"},"modified":"2012-09-03T15:17:00","modified_gmt":"2012-09-03T18:17:00","slug":"anatel_recruta_voluntarios_para_testar_banda_larga_brasileira","status":"publish","type":"post","link":"https:\/\/blogs.correiobraziliense.com.br\/consumidor\/anatel_recruta_voluntarios_para_testar_banda_larga_brasileira\/","title":{"rendered":"Anatel recruta volunt\u00e1rios para testar banda larga brasileira"},"content":{"rendered":"\n<p>Para testar a qualidade do servi\u00e7o de banda larga no Brasil, a Ag\u00eancia Nacional de Telecomunica\u00e7\u00f5es (Anatel) est\u00e1 convidando usu\u00e1rios interessados em saber se est\u00e3o recebendo em casa a velocidade de internet contratada. <\/p>\n<p>Quem se interessar, pode se inscrever pelo site <a href=\"http:\/\/www.brasilbandalarga.com.br\/\">www.brasilbandalarga.com.br<\/a>. L\u00e1, o cliente vai  informar os dados pessoais e do servi\u00e7o contratado.  N\u00e3o h\u00e1 data limite para o cadastro de volunt\u00e1rios. Funcion\u00e1rios das  empresas analisadas n\u00e3o poder\u00e3o participar do projeto.   <\/p>\n<p>Ser\u00e3o selecionadas 12 mil pessoas. O cadastro teve in\u00edcio no dia 29 de agosto.  <\/p>\n<p>As medi\u00e7\u00f5es permitir\u00e3o a avalia\u00e7\u00e3o das prestadoras do Servi\u00e7o de  Comunica\u00e7\u00e3o Multim\u00eddia (SCM) com mais de 50 mil acessos: Oi, NET,  Telef\u00f4nica\/Vivo, GVT, Algar (CTBC), Embratel, Sercomtel e Cabo Telecom.    <\/p>\n<p>Os selecionados receber\u00e3o, gratuitamente, um aparelho chamado whitebox, que far\u00e1 a medi\u00e7\u00e3o  ao ser conectado ao modem\/roteador de cada resid\u00eancia ou empresa. A  aferi\u00e7\u00e3o nos equipamentos instalados nos computadores ser\u00e1 di\u00e1ria e  ininterrupta. O equipamento n\u00e3o coleta qualquer informa\u00e7\u00e3o pessoal, nem  interfere ou monitora a navega\u00e7\u00e3o do usu\u00e1rio. Al\u00e9m de colaborar para a aferi\u00e7\u00e3o da qualidade da banda larga, cada  volunt\u00e1rio receber\u00e1 relat\u00f3rio mensal com dados relativos \u00e0 qualidade do  servi\u00e7o em sua resid\u00eancia ou empresa.    <\/p>\n","protected":false},"excerpt":{"rendered":"<p>Para testar a qualidade do servi\u00e7o de banda larga no Brasil, a Ag\u00eancia Nacional de Telecomunica\u00e7\u00f5es (Anatel) est\u00e1 convidando usu\u00e1rios interessados em saber se est\u00e3o recebendo em casa a velocidade de internet contratada. Quem se interessar, pode se inscrever pelo site www.brasilbandalarga.com.br. L\u00e1, o cliente vai informar os dados pessoais e do servi\u00e7o contratado. N\u00e3o h\u00e1 data limite para o [&hellip;]<\/p>\n","protected":false},"author":28,"featured_media":0,"comment_status":"open","ping_status":"open","sticky":false,"template":"","format":"standard","meta":{"footnotes":""},"categories":[1],"tags":[],"class_list":["post-202","post","type-post","status-publish","format-standard","hentry","category-sem-categoria"],"_links":{"self":[{"href":"https:\/\/blogs.correiobraziliense.com.br\/consumidor\/wp-json\/wp\/v2\/posts\/202","targetHints":{"allow":["GET"]}}],"collection":[{"href":"https:\/\/blogs.correiobraziliense.com.br\/consumidor\/wp-json\/wp\/v2\/posts"}],"about":[{"href":"https:\/\/blogs.correiobraziliense.com.br\/consumidor\/wp-json\/wp\/v2\/types\/post"}],"author":[{"embeddable":true,"href":"https:\/\/blogs.correiobraziliense.com.br\/consumidor\/wp-json\/wp\/v2\/users\/28"}],"replies":[{"embeddable":true,"href":"https:\/\/blogs.correiobraziliense.com.br\/consumidor\/wp-json\/wp\/v2\/comments?post=202"}],"version-history":[{"count":0,"href":"https:\/\/blogs.correiobraziliense.com.br\/consumidor\/wp-json\/wp\/v2\/posts\/202\/revisions"}],"wp:attachment":[{"href":"https:\/\/blogs.correiobraziliense.com.br\/consumidor\/wp-json\/wp\/v2\/media?parent=202"}],"wp:term":[{"taxonomy":"category","embeddable":true,"href":"https:\/\/blogs.correiobraziliense.com.br\/consumidor\/wp-json\/wp\/v2\/categories?post=202"},{"taxonomy":"post_tag","embeddable":true,"href":"https:\/\/blogs.correiobraziliense.com.br\/consumidor\/wp-json\/wp\/v2\/tags?post=202"}],"curies":[{"name":"wp","href":"https:\/\/api.w.org\/{rel}","templated":true}]}}