{"id":2007,"date":"2017-09-18T19:24:42","date_gmt":"2017-09-18T22:24:42","guid":{"rendered":"https:\/\/blogs.correiobraziliense.com.br\/consumidor\/?p=2007"},"modified":"2017-09-18T21:27:42","modified_gmt":"2017-09-19T00:27:42","slug":"iptu-adicional-chega-para-mais-24-mil-imoveis-com-aumentos-de-ate-139","status":"publish","type":"post","link":"https:\/\/blogs.correiobraziliense.com.br\/consumidor\/iptu-adicional-chega-para-mais-24-mil-imoveis-com-aumentos-de-ate-139\/","title":{"rendered":"IPTU adicional chega para mais 24 mil im\u00f3veis com aumentos de at\u00e9 139%"},"content":{"rendered":"<h4 style=\"text-align: left\">O valor m\u00e9dio a ser pago ser\u00e1 de R$ 274,34<\/h4>\n<p><a href=\"https:\/\/blogs.correiobraziliense.com.br\/consumidor\/wp-content\/uploads\/sites\/11\/2017\/09\/CBPFOT240820170571.jpg\" rel=\"attachment wp-att-2008\"><img loading=\"lazy\" decoding=\"async\" class=\"alignnone size-full wp-image-2008\" src=\"https:\/\/blogs.correiobraziliense.com.br\/consumidor\/wp-content\/uploads\/sites\/11\/2017\/09\/CBPFOT240820170571.jpg\" alt=\"Foto a\u00e9rea de Vicente Pires\" width=\"800\" height=\"285\" srcset=\"https:\/\/blogs.correiobraziliense.com.br\/consumidor\/wp-content\/uploads\/sites\/11\/2017\/09\/CBPFOT240820170571.jpg 800w, https:\/\/blogs.correiobraziliense.com.br\/consumidor\/wp-content\/uploads\/sites\/11\/2017\/09\/CBPFOT240820170571-300x107.jpg 300w, https:\/\/blogs.correiobraziliense.com.br\/consumidor\/wp-content\/uploads\/sites\/11\/2017\/09\/CBPFOT240820170571-768x274.jpg 768w, https:\/\/blogs.correiobraziliense.com.br\/consumidor\/wp-content\/uploads\/sites\/11\/2017\/09\/CBPFOT240820170571-350x125.jpg 350w, https:\/\/blogs.correiobraziliense.com.br\/consumidor\/wp-content\/uploads\/sites\/11\/2017\/09\/CBPFOT240820170571-550x196.jpg 550w, https:\/\/blogs.correiobraziliense.com.br\/consumidor\/wp-content\/uploads\/sites\/11\/2017\/09\/CBPFOT240820170571-230x82.jpg 230w\" sizes=\"auto, (max-width: 800px) 100vw, 800px\" \/><\/a><\/p>\n<p>Mais contribuintes do Distrito Federal v\u00e3o receber carn\u00eas de cobran\u00e7a adicional do Imposto Predial e Territorial Urbano (IPTU) a partir desta ter\u00e7a-feira (19\/9). Os aumentos s\u00e3o de at\u00e9 139% &#8211; quase uma vez e meia do que os propriet\u00e1rios vinham pagando. S\u00e3o 24.988 im\u00f3veis e o valor a entrar no caixa \u00e9 de R$ 6,85 milh\u00f5es nessa fase. Este \u00e9 o terceiro edital de cobran\u00e7a publicado pela Secretaria de Fazenda. Ao todo 97,6 mil im\u00f3veis ter\u00e3o que pagar por altera\u00e7\u00f5es realizadas nas propriedades e n\u00e3o comunicadas ao governo, gerando R$ 23,2 milh\u00f5es a mais em tributos.<\/p>\n<p>O aditivo refere-se \u00e0 diferen\u00e7a encontrada pela Secretaria de Fazenda da \u00e1rea constru\u00edda registrada e da mapeada via georreferenciamento. Dessa forma, constru\u00e7\u00f5es feitas nos terrenos e n\u00e3o informadas \u00e0 pasta, como churrasqueiras, piscinas e novos andares e at\u00e9 casas inteiras, ter\u00e3o que integrar o tributo. Dessa vez, im\u00f3veis de 22 regi\u00f5es administrativas v\u00e3o receber o boleto, entre elas \u00c1guas Claras, Itapo\u00e3, lagos Sul e Norte, Riacho Fundo, Santa Maria, Guar\u00e1, Gama e condom\u00ednios em todo o Distrito Federal.<\/p>\n<p>Condom\u00ednios irregulares, Santa Maria, Guar\u00e1 e Gama s\u00e3o as regi\u00f5es com a maior quantidade de im\u00f3veis que receber\u00e3o o IPTU complementar. O valor m\u00e9dio a ser pago ser\u00e1 de R$ 274,34 &#8211; um acr\u00e9scimo m\u00e9dio de 39,41% na quantia j\u00e1 paga pelo contribuinte. Moradores do Riacho Fundo II s\u00e3o os que receber\u00e3o valores mais altos e v\u00e3o pagar uma m\u00e9dia de 139% a mais do imposto recolhido.<br \/>\nPara chegar aos valores dos carn\u00eas, a Secretaria usou dados de um georreferenciamento contratado pela Terracap e checou com a base de dados dispon\u00edvel nos arquivos da pasta. Os contribuintes que discordarem do GDF podem contestar pela internet e pedir uma vistoria no local no prazo de 30 dias.<\/p>\n<h5>Vencimentos<\/h5>\n<p>Os 10.890 primeiros im\u00f3veis que receberam a cobran\u00e7a a mais come\u00e7am a pagar o aditivo na semana que vem. Eles podem pagar em cota \u00fanica ou pedir parcelamento. Os outros 61.728 come\u00e7am a pagar em 19 de outubro.<\/p>\n","protected":false},"excerpt":{"rendered":"<p>O valor m\u00e9dio a ser pago ser\u00e1 de R$ 274,34 Mais contribuintes do Distrito Federal v\u00e3o receber carn\u00eas de cobran\u00e7a adicional do Imposto Predial e Territorial Urbano (IPTU) a partir desta ter\u00e7a-feira (19\/9). Os aumentos s\u00e3o de at\u00e9 139% &#8211; quase uma vez e meia do que os propriet\u00e1rios vinham pagando. S\u00e3o 24.988 im\u00f3veis e o valor a entrar no [&hellip;]<\/p>\n","protected":false},"author":28,"featured_media":0,"comment_status":"open","ping_status":"closed","sticky":false,"template":"","format":"standard","meta":{"footnotes":""},"categories":[144],"tags":[],"class_list":["post-2007","post","type-post","status-publish","format-standard","hentry","category-consumidor"],"_links":{"self":[{"href":"https:\/\/blogs.correiobraziliense.com.br\/consumidor\/wp-json\/wp\/v2\/posts\/2007","targetHints":{"allow":["GET"]}}],"collection":[{"href":"https:\/\/blogs.correiobraziliense.com.br\/consumidor\/wp-json\/wp\/v2\/posts"}],"about":[{"href":"https:\/\/blogs.correiobraziliense.com.br\/consumidor\/wp-json\/wp\/v2\/types\/post"}],"author":[{"embeddable":true,"href":"https:\/\/blogs.correiobraziliense.com.br\/consumidor\/wp-json\/wp\/v2\/users\/28"}],"replies":[{"embeddable":true,"href":"https:\/\/blogs.correiobraziliense.com.br\/consumidor\/wp-json\/wp\/v2\/comments?post=2007"}],"version-history":[{"count":3,"href":"https:\/\/blogs.correiobraziliense.com.br\/consumidor\/wp-json\/wp\/v2\/posts\/2007\/revisions"}],"predecessor-version":[{"id":2011,"href":"https:\/\/blogs.correiobraziliense.com.br\/consumidor\/wp-json\/wp\/v2\/posts\/2007\/revisions\/2011"}],"wp:attachment":[{"href":"https:\/\/blogs.correiobraziliense.com.br\/consumidor\/wp-json\/wp\/v2\/media?parent=2007"}],"wp:term":[{"taxonomy":"category","embeddable":true,"href":"https:\/\/blogs.correiobraziliense.com.br\/consumidor\/wp-json\/wp\/v2\/categories?post=2007"},{"taxonomy":"post_tag","embeddable":true,"href":"https:\/\/blogs.correiobraziliense.com.br\/consumidor\/wp-json\/wp\/v2\/tags?post=2007"}],"curies":[{"name":"wp","href":"https:\/\/api.w.org\/{rel}","templated":true}]}}