{"id":1990,"date":"2017-09-14T18:17:08","date_gmt":"2017-09-14T21:17:08","guid":{"rendered":"https:\/\/blogs.correiobraziliense.com.br\/consumidor\/?p=1990"},"modified":"2017-09-18T18:39:30","modified_gmt":"2017-09-18T21:39:30","slug":"procon-df-realiza-mutirao-de-renegociacao-de-dividas-com-caixa","status":"publish","type":"post","link":"https:\/\/blogs.correiobraziliense.com.br\/consumidor\/procon-df-realiza-mutirao-de-renegociacao-de-dividas-com-caixa\/","title":{"rendered":"Procon realiza mutir\u00e3o de renegocia\u00e7\u00e3o de d\u00edvidas com a Caixa"},"content":{"rendered":"<h4>A a\u00e7\u00e3o ocorre a partir de segunda-feira (18\/8) na sede do \u00f3rg\u00e3o, no Ven\u00e2ncio 2000<\/h4>\n<p><a href=\"https:\/\/blogs.correiobraziliense.com.br\/consumidor\/wp-content\/uploads\/sites\/11\/2017\/09\/CBPFOT300620170956.jpg\" rel=\"attachment wp-att-1991\"><img loading=\"lazy\" decoding=\"async\" class=\"size-full wp-image-1991\" src=\"https:\/\/blogs.correiobraziliense.com.br\/consumidor\/wp-content\/uploads\/sites\/11\/2017\/09\/CBPFOT300620170956.jpg\" alt=\"Cr\u00e9dito: Carlos Silva\/CB\/D.A. Press. \" width=\"800\" height=\"533\" srcset=\"https:\/\/blogs.correiobraziliense.com.br\/consumidor\/wp-content\/uploads\/sites\/11\/2017\/09\/CBPFOT300620170956.jpg 800w, https:\/\/blogs.correiobraziliense.com.br\/consumidor\/wp-content\/uploads\/sites\/11\/2017\/09\/CBPFOT300620170956-300x200.jpg 300w, https:\/\/blogs.correiobraziliense.com.br\/consumidor\/wp-content\/uploads\/sites\/11\/2017\/09\/CBPFOT300620170956-768x512.jpg 768w, https:\/\/blogs.correiobraziliense.com.br\/consumidor\/wp-content\/uploads\/sites\/11\/2017\/09\/CBPFOT300620170956-350x233.jpg 350w, https:\/\/blogs.correiobraziliense.com.br\/consumidor\/wp-content\/uploads\/sites\/11\/2017\/09\/CBPFOT300620170956-550x366.jpg 550w, https:\/\/blogs.correiobraziliense.com.br\/consumidor\/wp-content\/uploads\/sites\/11\/2017\/09\/CBPFOT300620170956-230x153.jpg 230w\" sizes=\"auto, (max-width: 800px) 100vw, 800px\" \/><\/a><\/p>\n<p>&nbsp;<\/p>\n<p>Consumidores com d\u00e9bitos em aberto com a Caixa Econ\u00f4mica Federal poder\u00e3o renegociar a d\u00edvida a partir da pr\u00f3xima segunda-feira (18\/9) das 8h \u00e0s 17h. A a\u00e7\u00e3o vai ocorrer na sede do Procon do Distrito Federal, no Ven\u00e2ncio 2000, e se estende at\u00e9 o fim da semana.\u00a0O Procon vai atuar como um \u00f3rg\u00e3o intermediador, de forma a pacificar o entendimento entre as partes e evitar abusos.<\/p>\n<p>A renegocia\u00e7\u00e3o pode ser feita tanto por pessoas f\u00edsicas quanto jur\u00eddicas e abrange d\u00edvidas de\u00a0cheque especial, cart\u00e3o de cr\u00e9dito, Cr\u00e9dito Direto ao Consumidor (CDC), Construcard, empr\u00e9stimo consignado e empr\u00e9stimo de capital de giro. Entretanto, elas devem estar com mais de dois anos de atraso.\u00a0As condi\u00e7\u00f5es especiais valem para o pagamento \u00e0 vista.<\/p>\n<p>Para participar, os interessados devem comparecer a sede do \u00f3rg\u00e3o portando documento de identifica\u00e7\u00e3o oficial com foto (RG, CNH ou passaporte) e comprovante de renda atualizado.<\/p>\n<p>Esse \u00e9 o terceiro mutir\u00e3o que o Procon-DF realiza.\u00a0Clientes do Banco do Brasil e do Banco de Bras\u00edlia j\u00e1 foram atendidos nessas a\u00e7\u00f5es. O volume renegociado somou cerca de R$ 13 milh\u00f5es.<\/p>\n<p>&nbsp;<\/p>\n<h5>Servi\u00e7o:<\/h5>\n<p>A\u00e7\u00e3o de negocia\u00e7\u00e3o com clientes Caixa Econ\u00f4mica Federal<br \/>\nData: 18 a 22 de setembro de 2017<br \/>\nHor\u00e1rio: 8h \u00e0s 17h<br \/>\nLocal: Sede do Procon-DF (SCS, Ven\u00e2ncio 2000, Bloco B, Sala 240)<\/p>\n<p>&nbsp;<\/p>\n","protected":false},"excerpt":{"rendered":"<p>A a\u00e7\u00e3o ocorre a partir de segunda-feira (18\/8) na sede do \u00f3rg\u00e3o, no Ven\u00e2ncio 2000 &nbsp; Consumidores com d\u00e9bitos em aberto com a Caixa Econ\u00f4mica Federal poder\u00e3o renegociar a d\u00edvida a partir da pr\u00f3xima segunda-feira (18\/9) das 8h \u00e0s 17h. A a\u00e7\u00e3o vai ocorrer na sede do Procon do Distrito Federal, no Ven\u00e2ncio 2000, e se estende at\u00e9 o fim [&hellip;]<\/p>\n","protected":false},"author":28,"featured_media":0,"comment_status":"open","ping_status":"closed","sticky":false,"template":"","format":"standard","meta":{"footnotes":""},"categories":[144],"tags":[368,369,15,288],"class_list":["post-1990","post","type-post","status-publish","format-standard","hentry","category-consumidor","tag-caixa","tag-divida","tag-procon","tag-renegociacao"],"_links":{"self":[{"href":"https:\/\/blogs.correiobraziliense.com.br\/consumidor\/wp-json\/wp\/v2\/posts\/1990","targetHints":{"allow":["GET"]}}],"collection":[{"href":"https:\/\/blogs.correiobraziliense.com.br\/consumidor\/wp-json\/wp\/v2\/posts"}],"about":[{"href":"https:\/\/blogs.correiobraziliense.com.br\/consumidor\/wp-json\/wp\/v2\/types\/post"}],"author":[{"embeddable":true,"href":"https:\/\/blogs.correiobraziliense.com.br\/consumidor\/wp-json\/wp\/v2\/users\/28"}],"replies":[{"embeddable":true,"href":"https:\/\/blogs.correiobraziliense.com.br\/consumidor\/wp-json\/wp\/v2\/comments?post=1990"}],"version-history":[{"count":4,"href":"https:\/\/blogs.correiobraziliense.com.br\/consumidor\/wp-json\/wp\/v2\/posts\/1990\/revisions"}],"predecessor-version":[{"id":2006,"href":"https:\/\/blogs.correiobraziliense.com.br\/consumidor\/wp-json\/wp\/v2\/posts\/1990\/revisions\/2006"}],"wp:attachment":[{"href":"https:\/\/blogs.correiobraziliense.com.br\/consumidor\/wp-json\/wp\/v2\/media?parent=1990"}],"wp:term":[{"taxonomy":"category","embeddable":true,"href":"https:\/\/blogs.correiobraziliense.com.br\/consumidor\/wp-json\/wp\/v2\/categories?post=1990"},{"taxonomy":"post_tag","embeddable":true,"href":"https:\/\/blogs.correiobraziliense.com.br\/consumidor\/wp-json\/wp\/v2\/tags?post=1990"}],"curies":[{"name":"wp","href":"https:\/\/api.w.org\/{rel}","templated":true}]}}