{"id":1942,"date":"2017-08-29T15:38:21","date_gmt":"2017-08-29T18:38:21","guid":{"rendered":"https:\/\/blogs.correiobraziliense.com.br\/consumidor\/?p=1942"},"modified":"2017-08-29T15:38:21","modified_gmt":"2017-08-29T18:38:21","slug":"ministerio-publico-recomenda-uniformizacao-das-medidas-das-bagagens-de-mao","status":"publish","type":"post","link":"https:\/\/blogs.correiobraziliense.com.br\/consumidor\/ministerio-publico-recomenda-uniformizacao-das-medidas-das-bagagens-de-mao\/","title":{"rendered":"Minist\u00e9rio P\u00fablico recomenda uniformiza\u00e7\u00e3o das medidas das bagagens de m\u00e3o"},"content":{"rendered":"<h3>Cada companhia a\u00e9rea adota uma dimens\u00e3o diferente<\/h3>\n<p><a href=\"https:\/\/blogs.correiobraziliense.com.br\/consumidor\/wp-content\/uploads\/sites\/11\/2017\/08\/CBNFOT020120171041-1.jpg\" rel=\"attachment wp-att-1944\"><img loading=\"lazy\" decoding=\"async\" class=\"size-full wp-image-1944\" src=\"https:\/\/blogs.correiobraziliense.com.br\/consumidor\/wp-content\/uploads\/sites\/11\/2017\/08\/CBNFOT020120171041-1.jpg\" alt=\"2017. Cr\u00e9dito: Cosmolite\/Divulga\u00e7\u00e3o. \" width=\"400\" height=\"400\" srcset=\"https:\/\/blogs.correiobraziliense.com.br\/consumidor\/wp-content\/uploads\/sites\/11\/2017\/08\/CBNFOT020120171041-1.jpg 400w, https:\/\/blogs.correiobraziliense.com.br\/consumidor\/wp-content\/uploads\/sites\/11\/2017\/08\/CBNFOT020120171041-1-150x150.jpg 150w, https:\/\/blogs.correiobraziliense.com.br\/consumidor\/wp-content\/uploads\/sites\/11\/2017\/08\/CBNFOT020120171041-1-300x300.jpg 300w, https:\/\/blogs.correiobraziliense.com.br\/consumidor\/wp-content\/uploads\/sites\/11\/2017\/08\/CBNFOT020120171041-1-350x350.jpg 350w, https:\/\/blogs.correiobraziliense.com.br\/consumidor\/wp-content\/uploads\/sites\/11\/2017\/08\/CBNFOT020120171041-1-230x230.jpg 230w\" sizes=\"auto, (max-width: 400px) 100vw, 400px\" \/><\/a><\/p>\n<p>As novas regras para malas em \u00a0viagens de avi\u00e3o ainda causam confus\u00e3o com os consumidores. Agora \u00e9 a vez da bagagem de m\u00e3o. A Ag\u00eancia Nacional de Avia\u00e7\u00e3o\u00a0Civil (Anac) estipula o peso de 10kg por passageiro para essa modalidade, mas deixa a cargo da empresa o tamanho e a quantidade de volumes. Assim,\u00a0as dimens\u00f5es permitidas para as malas variam de companhia para companhia. Por isso, o Minist\u00e9rio P\u00fablico Federal de Goi\u00e1s (MPF-GO) expediu na segunda-feira (28\/8) uma recomenda\u00e7\u00e3o para que a Anac adote par\u00e2metros para as malas n\u00e3o despachadas. A ag\u00eancia tem 30 dias para se posicionar sobre a determina\u00e7\u00e3o do MPF-GO.<\/p>\n<p>De acordo com o<a href=\"http:\/\/www.mpf.mp.br\/go\/sala-de-imprensa\/docs\/not2152%20-%20recomendacao%20ANAC.pdf\" target=\"_blank\"> documento<\/a>\u00a0do MPF-GO, cada empresa adota um padr\u00e3o diferente:<\/p>\n<p>\u2013 A Avianca tem como regra a medida de 115 cm, somando 55 cm de altura, 20 cm de largura e 40 cm de comprimento.<br \/>\n\u2013 A Delta Airlines estipula 114 cm, sendo 56 cm de altura, 35 cm de largura e 23 cm de comprimento.<\/p>\n<p>\u2013 A Gol estipula 40 cm de altura, 25 cm de largura e 55 cm de comprimento.<br \/>\n\u2013 A \u00a0Latam determina 55 cm de altura, 35 cm de largura e 25 cm de comprimento.<\/p>\n<p>Com tanta diferen\u00e7a, a procuradora Mariane G. de Mello Oliveira entendeu que a &#8220;n\u00e3o uniformiza\u00e7\u00e3o de tais regras obrigar\u00e1 o consumidor a adquirir v\u00e1rias malas de m\u00e3o de diferentes formas e tamanhos para se adequar \u00e0s regras impostas, e inviabilizar\u00e1 uma eventual conex\u00e3o entre companhias a\u00e9reas diferentes, ficando extremamente vulner\u00e1vel e inseguro&#8221;.<\/p>\n<blockquote><p>&#8220;Tal imposi\u00e7\u00e3o \u00e9 indubitavelmente abusiva, em raz\u00e3o de o poder aquisitivo da grande maioria de nossa sociedade n\u00e3o permitir tal privil\u00e9gio, sem falar na quest\u00e3o da praticidade&#8221;, completa a procuradora<\/p><\/blockquote>\n<p>Pelo documento, o MPF-GO pede que a Anac mude a resolu\u00e7\u00e3o vigente e acrescente um par\u00e2metro ou que interceda junto com as companhias a\u00e9reas para uniformizar a quest\u00e3o. O \u00f3rg\u00e3o acredita que a n\u00e3o uniformiza\u00e7\u00e3o fere os direitos do consumidor.<\/p>\n<p>A Anac informou que ainda n\u00e3o foi notificada e s\u00f3 se manifestar\u00e1 ap\u00f3s o recebimento e an\u00e1lise do of\u00edcio.<\/p>\n<p>&nbsp;<\/p>\n<p>&nbsp;<\/p>\n","protected":false},"excerpt":{"rendered":"<p>Cada companhia a\u00e9rea adota uma dimens\u00e3o diferente As novas regras para malas em \u00a0viagens de avi\u00e3o ainda causam confus\u00e3o com os consumidores. Agora \u00e9 a vez da bagagem de m\u00e3o. A Ag\u00eancia Nacional de Avia\u00e7\u00e3o\u00a0Civil (Anac) estipula o peso de 10kg por passageiro para essa modalidade, mas deixa a cargo da empresa o tamanho e a quantidade de volumes. Assim,\u00a0as [&hellip;]<\/p>\n","protected":false},"author":28,"featured_media":0,"comment_status":"open","ping_status":"closed","sticky":false,"template":"","format":"standard","meta":{"footnotes":""},"categories":[144],"tags":[],"class_list":["post-1942","post","type-post","status-publish","format-standard","hentry","category-consumidor"],"_links":{"self":[{"href":"https:\/\/blogs.correiobraziliense.com.br\/consumidor\/wp-json\/wp\/v2\/posts\/1942","targetHints":{"allow":["GET"]}}],"collection":[{"href":"https:\/\/blogs.correiobraziliense.com.br\/consumidor\/wp-json\/wp\/v2\/posts"}],"about":[{"href":"https:\/\/blogs.correiobraziliense.com.br\/consumidor\/wp-json\/wp\/v2\/types\/post"}],"author":[{"embeddable":true,"href":"https:\/\/blogs.correiobraziliense.com.br\/consumidor\/wp-json\/wp\/v2\/users\/28"}],"replies":[{"embeddable":true,"href":"https:\/\/blogs.correiobraziliense.com.br\/consumidor\/wp-json\/wp\/v2\/comments?post=1942"}],"version-history":[{"count":1,"href":"https:\/\/blogs.correiobraziliense.com.br\/consumidor\/wp-json\/wp\/v2\/posts\/1942\/revisions"}],"predecessor-version":[{"id":1945,"href":"https:\/\/blogs.correiobraziliense.com.br\/consumidor\/wp-json\/wp\/v2\/posts\/1942\/revisions\/1945"}],"wp:attachment":[{"href":"https:\/\/blogs.correiobraziliense.com.br\/consumidor\/wp-json\/wp\/v2\/media?parent=1942"}],"wp:term":[{"taxonomy":"category","embeddable":true,"href":"https:\/\/blogs.correiobraziliense.com.br\/consumidor\/wp-json\/wp\/v2\/categories?post=1942"},{"taxonomy":"post_tag","embeddable":true,"href":"https:\/\/blogs.correiobraziliense.com.br\/consumidor\/wp-json\/wp\/v2\/tags?post=1942"}],"curies":[{"name":"wp","href":"https:\/\/api.w.org\/{rel}","templated":true}]}}