{"id":193,"date":"2012-08-20T17:34:00","date_gmt":"2012-08-20T20:34:00","guid":{"rendered":"https:\/\/blogs.correiobraziliense.com.br\/consumidor\/mp_recomenda_que_habite-se_seja_liberado_apos_laudos_tecnicos\/"},"modified":"2012-08-20T17:34:00","modified_gmt":"2012-08-20T20:34:00","slug":"mp_recomenda_que_habite-se_seja_liberado_apos_laudos_tecnicos","status":"publish","type":"post","link":"https:\/\/blogs.correiobraziliense.com.br\/consumidor\/mp_recomenda_que_habite-se_seja_liberado_apos_laudos_tecnicos\/","title":{"rendered":"MP recomenda que Habite-se seja liberado ap\u00f3s laudos t\u00e9cnicos"},"content":{"rendered":"\n<p>Irregularidades na concess\u00e3o do Habite-se no Distrito Federal levaram o Minist\u00e9rio P\u00fablico do Distrito Federal e Territ\u00f3rios (MPDFT) a elaborar recomenda\u00e7\u00e3o \u00e0 Ag\u00eancia de Fiscaliza\u00e7\u00e3o (Agefis) sobre o modo que o documento deve ser expedido.   <\/p>\n<p>A Procuradoria dos Direitos do Cidad\u00e3o pediu \u00e0 Agefis que s\u00f3 libere o Habite-se ap\u00f3s os \u00f3rg\u00e3os legalmente respons\u00e1veis pela vistoria &#8211;  CEB, Caesb, Novacap e Corpo de Bombeiros &#8211; se manifestarem por meio de laudos favor\u00e1veis. O relat\u00f3rio atesta as condi\u00e7\u00f5es de habitabilidade das proje\u00e7\u00f5es imobili\u00e1rias rec\u00e9m-constru\u00eddas.   <\/p>\n<p>O MP deu 10 dias para a Agefis se manifestar sobre a recomenda\u00e7\u00e3o. Caso a ag\u00eancia opte por n\u00e3o cumprir o pedido, a promotoria pode ajuizar uma a\u00e7\u00e3o. A recomenda\u00e7\u00e3o foi publicada pelo promotor Jos\u00e9 Valdenor Queiroz J\u00fanior.    <\/p>\n","protected":false},"excerpt":{"rendered":"<p>Irregularidades na concess\u00e3o do Habite-se no Distrito Federal levaram o Minist\u00e9rio P\u00fablico do Distrito Federal e Territ\u00f3rios (MPDFT) a elaborar recomenda\u00e7\u00e3o \u00e0 Ag\u00eancia de Fiscaliza\u00e7\u00e3o (Agefis) sobre o modo que o documento deve ser expedido. A Procuradoria dos Direitos do Cidad\u00e3o pediu \u00e0 Agefis que s\u00f3 libere o Habite-se ap\u00f3s os \u00f3rg\u00e3os legalmente respons\u00e1veis pela vistoria &#8211; CEB, Caesb, Novacap [&hellip;]<\/p>\n","protected":false},"author":28,"featured_media":0,"comment_status":"open","ping_status":"open","sticky":false,"template":"","format":"standard","meta":{"footnotes":""},"categories":[1],"tags":[],"class_list":["post-193","post","type-post","status-publish","format-standard","hentry","category-sem-categoria"],"_links":{"self":[{"href":"https:\/\/blogs.correiobraziliense.com.br\/consumidor\/wp-json\/wp\/v2\/posts\/193","targetHints":{"allow":["GET"]}}],"collection":[{"href":"https:\/\/blogs.correiobraziliense.com.br\/consumidor\/wp-json\/wp\/v2\/posts"}],"about":[{"href":"https:\/\/blogs.correiobraziliense.com.br\/consumidor\/wp-json\/wp\/v2\/types\/post"}],"author":[{"embeddable":true,"href":"https:\/\/blogs.correiobraziliense.com.br\/consumidor\/wp-json\/wp\/v2\/users\/28"}],"replies":[{"embeddable":true,"href":"https:\/\/blogs.correiobraziliense.com.br\/consumidor\/wp-json\/wp\/v2\/comments?post=193"}],"version-history":[{"count":0,"href":"https:\/\/blogs.correiobraziliense.com.br\/consumidor\/wp-json\/wp\/v2\/posts\/193\/revisions"}],"wp:attachment":[{"href":"https:\/\/blogs.correiobraziliense.com.br\/consumidor\/wp-json\/wp\/v2\/media?parent=193"}],"wp:term":[{"taxonomy":"category","embeddable":true,"href":"https:\/\/blogs.correiobraziliense.com.br\/consumidor\/wp-json\/wp\/v2\/categories?post=193"},{"taxonomy":"post_tag","embeddable":true,"href":"https:\/\/blogs.correiobraziliense.com.br\/consumidor\/wp-json\/wp\/v2\/tags?post=193"}],"curies":[{"name":"wp","href":"https:\/\/api.w.org\/{rel}","templated":true}]}}