{"id":1922,"date":"2017-08-25T15:41:37","date_gmt":"2017-08-25T18:41:37","guid":{"rendered":"https:\/\/blogs.correiobraziliense.com.br\/consumidor\/?p=1922"},"modified":"2017-08-25T15:41:37","modified_gmt":"2017-08-25T18:41:37","slug":"entenda-como-vai-funcionar-cobranca-extra-de-iptu-no-distrito-federal","status":"publish","type":"post","link":"https:\/\/blogs.correiobraziliense.com.br\/consumidor\/entenda-como-vai-funcionar-cobranca-extra-de-iptu-no-distrito-federal\/","title":{"rendered":"Entenda como vai funcionar a cobran\u00e7a extra de IPTU no Distrito Federal"},"content":{"rendered":"<p>&nbsp;<\/p>\n<p>&nbsp;<\/p>\n<figure id=\"attachment_1923\" aria-describedby=\"caption-attachment-1923\" style=\"width: 800px\" class=\"wp-caption aligncenter\"><a href=\"https:\/\/blogs.correiobraziliense.com.br\/consumidor\/wp-content\/uploads\/sites\/11\/2017\/08\/CBPFOT240820170547.jpg\" rel=\"attachment wp-att-1923\"><img loading=\"lazy\" decoding=\"async\" class=\"size-full wp-image-1923\" src=\"https:\/\/blogs.correiobraziliense.com.br\/consumidor\/wp-content\/uploads\/sites\/11\/2017\/08\/CBPFOT240820170547.jpg\" alt=\"24\/08\/2017. Cr\u00e9dito: Breno Fortes\/CB\/D.A. Press. Brasil. Bras\u00edlia - DF. Foto a\u00e9rea de constru\u00e7\u00f5es em Vicente Pires.\" width=\"800\" height=\"450\" srcset=\"https:\/\/blogs.correiobraziliense.com.br\/consumidor\/wp-content\/uploads\/sites\/11\/2017\/08\/CBPFOT240820170547.jpg 800w, https:\/\/blogs.correiobraziliense.com.br\/consumidor\/wp-content\/uploads\/sites\/11\/2017\/08\/CBPFOT240820170547-300x169.jpg 300w, https:\/\/blogs.correiobraziliense.com.br\/consumidor\/wp-content\/uploads\/sites\/11\/2017\/08\/CBPFOT240820170547-768x432.jpg 768w, https:\/\/blogs.correiobraziliense.com.br\/consumidor\/wp-content\/uploads\/sites\/11\/2017\/08\/CBPFOT240820170547-350x197.jpg 350w, https:\/\/blogs.correiobraziliense.com.br\/consumidor\/wp-content\/uploads\/sites\/11\/2017\/08\/CBPFOT240820170547-550x309.jpg 550w, https:\/\/blogs.correiobraziliense.com.br\/consumidor\/wp-content\/uploads\/sites\/11\/2017\/08\/CBPFOT240820170547-230x129.jpg 230w\" sizes=\"auto, (max-width: 800px) 100vw, 800px\" \/><\/a><figcaption id=\"caption-attachment-1923\" class=\"wp-caption-text\">24\/08\/2017. Cr\u00e9dito: Breno Fortes\/CB\/D.A. Press. Brasil. Bras\u00edlia &#8211; DF. Foto a\u00e9rea de constru\u00e7\u00f5es em Vicente Pires.<\/figcaption><\/figure>\n<p>Nos pr\u00f3ximos dias, moradores de 61,7 mil im\u00f3veis receber\u00e3o o carn\u00ea com a cobran\u00e7a adicional do Imposto Predial e Territorial Urbano (IPTU). O aditivo refere-se \u00e0 diferen\u00e7a encontrada pela Secretaria de Fazenda da \u00e1rea constru\u00edda registrada e da mapeada via georreferenciamento. Dessa forma, constru\u00e7\u00f5es feitas nos terrenos e n\u00e3o informadas \u00e0 pasta, como churrasqueiras, piscinas e novos andares e at\u00e9 casas inteiras, ter\u00e3o que integrar o tributo. O edital comunicando a cobran\u00e7a foi publicado nesta sexta-feira (24\/8) no Di\u00e1rio Oficial do DF &#8211; outros 11 mil haviam sido notificados anteriormente, totalizando mais de 75 mil terrenos.<\/p>\n<p>Os contribuintes receber\u00e3o o boleto em casa. O documento de arrecada\u00e7\u00e3o tamb\u00e9m pode ser emitido na p\u00e1gina da Secretaria de Fazenda a partir de segunda-feira (28\/08). O prazo para reclama\u00e7\u00e3o do lan\u00e7amento ser\u00e1 at\u00e9 26 de setembro.<\/p>\n<p><strong>Tira-d\u00favidas:<\/strong><\/p>\n<p><strong>O que \u00e9 esse aditivo de IPTU?<\/strong><\/p>\n<p>Com base em fotos a\u00e9reas, a Secretaria de Fazenda encontrou distor\u00e7\u00f5es entre a metragem atual e a declarada nos documentos para a cobran\u00e7a do imposto; a pasta vai, ent\u00e3o, cobrar tributo sobre as modifica\u00e7\u00f5es.<\/p>\n<p><strong>Como vou receber a cobran\u00e7a adicional?<\/strong><\/p>\n<p>Por meio de um carn\u00ea que vai chegar no endere\u00e7o do im\u00f3vel.<\/p>\n<p><strong>Que tipo de modifica\u00e7\u00f5es a Secretaria de Fazenda vai cobrar?<\/strong><\/p>\n<p>As principais distor\u00e7\u00f5es encontradas foram em rela\u00e7\u00e3o a \u00e1rea de piscina, churrasqueira e constru\u00e7\u00e3o de novos andares.<\/p>\n<p><strong>Como sei se terei que pagar mais IPTU?<\/strong><\/p>\n<p>A Secretaria divulga hoje o edital avisando da cobran\u00e7a para 60 mil im\u00f3veis. A lista pode ser acessada em um link no Di\u00e1rio Oficial. O contribuinte tamb\u00e9m vai receber o boleto em casa.<\/p>\n<p><strong>Como ser\u00e1 a base de c\u00e1lculo feita pela Secretaria de Fazenda?<\/strong><\/p>\n<p>A Secretaria de Fazenda vai somar a \u00e1rea a mais a j\u00e1 declarada. Em seguida, vai tirar 10% da metragem, levando em conta que parte pode ser relativa ao telhado. Por exemplo: na documenta\u00e7\u00e3o da Secretaria de Fazenda a metragem constru\u00edda \u00e9 de 500 m\u00b2, por\u00e9m, com a foto a\u00e9rea percebeu-se a constru\u00e7\u00e3o de uma \u00e1rea de mais 100 m\u00b2. Assim, a \u00e1rea total seria de 600 m\u00b2. Entretanto, a Fazenda vai cobrar por 540 m\u00b2.<\/p>\n<p><strong>Como o pagamento poder\u00e1 ser feito?<\/strong><\/p>\n<p>Os contribuintes poder\u00e3o escolher pagar em uma \u00fanica cota, com 5% de desconto, ou em quatro parcelas iguais e sucessivas, desde que o valor das parcelas fique menor do que R$ 25. Para se obter o desconto, o imposto cobrado no in\u00edcio do ano precisa estar totalmente quitado.<\/p>\n<p><strong>A Secretaria de Fazenda est\u00e1 cobrando por uma constru\u00e7\u00e3o que n\u00e3o foi feita. Posso contestar?<\/strong><\/p>\n<p>Sim. O contribuinte tem 30 dias para contestar a cobran\u00e7a pelo site da Secretaria de Fazenda. Basta ter em m\u00e3os a inscri\u00e7\u00e3o do im\u00f3vel.<\/p>\n","protected":false},"excerpt":{"rendered":"<p>&nbsp; &nbsp; Nos pr\u00f3ximos dias, moradores de 61,7 mil im\u00f3veis receber\u00e3o o carn\u00ea com a cobran\u00e7a adicional do Imposto Predial e Territorial Urbano (IPTU). O aditivo refere-se \u00e0 diferen\u00e7a encontrada pela Secretaria de Fazenda da \u00e1rea constru\u00edda registrada e da mapeada via georreferenciamento. Dessa forma, constru\u00e7\u00f5es feitas nos terrenos e n\u00e3o informadas \u00e0 pasta, como churrasqueiras, piscinas e novos andares [&hellip;]<\/p>\n","protected":false},"author":28,"featured_media":0,"comment_status":"open","ping_status":"closed","sticky":false,"template":"","format":"standard","meta":{"footnotes":""},"categories":[144],"tags":[],"class_list":["post-1922","post","type-post","status-publish","format-standard","hentry","category-consumidor"],"_links":{"self":[{"href":"https:\/\/blogs.correiobraziliense.com.br\/consumidor\/wp-json\/wp\/v2\/posts\/1922","targetHints":{"allow":["GET"]}}],"collection":[{"href":"https:\/\/blogs.correiobraziliense.com.br\/consumidor\/wp-json\/wp\/v2\/posts"}],"about":[{"href":"https:\/\/blogs.correiobraziliense.com.br\/consumidor\/wp-json\/wp\/v2\/types\/post"}],"author":[{"embeddable":true,"href":"https:\/\/blogs.correiobraziliense.com.br\/consumidor\/wp-json\/wp\/v2\/users\/28"}],"replies":[{"embeddable":true,"href":"https:\/\/blogs.correiobraziliense.com.br\/consumidor\/wp-json\/wp\/v2\/comments?post=1922"}],"version-history":[{"count":1,"href":"https:\/\/blogs.correiobraziliense.com.br\/consumidor\/wp-json\/wp\/v2\/posts\/1922\/revisions"}],"predecessor-version":[{"id":1924,"href":"https:\/\/blogs.correiobraziliense.com.br\/consumidor\/wp-json\/wp\/v2\/posts\/1922\/revisions\/1924"}],"wp:attachment":[{"href":"https:\/\/blogs.correiobraziliense.com.br\/consumidor\/wp-json\/wp\/v2\/media?parent=1922"}],"wp:term":[{"taxonomy":"category","embeddable":true,"href":"https:\/\/blogs.correiobraziliense.com.br\/consumidor\/wp-json\/wp\/v2\/categories?post=1922"},{"taxonomy":"post_tag","embeddable":true,"href":"https:\/\/blogs.correiobraziliense.com.br\/consumidor\/wp-json\/wp\/v2\/tags?post=1922"}],"curies":[{"name":"wp","href":"https:\/\/api.w.org\/{rel}","templated":true}]}}