{"id":1901,"date":"2017-03-16T18:04:45","date_gmt":"2017-03-16T21:04:45","guid":{"rendered":"https:\/\/blogs.correiobraziliense.com.br\/consumidor\/?p=1901"},"modified":"2017-03-16T18:17:19","modified_gmt":"2017-03-16T21:17:19","slug":"claro-lidera-ranking-das-empresas-mais-reclamadas-no-brasil-e-no-df","status":"publish","type":"post","link":"https:\/\/blogs.correiobraziliense.com.br\/consumidor\/claro-lidera-ranking-das-empresas-mais-reclamadas-no-brasil-e-no-df\/","title":{"rendered":"Claro lidera ranking das empresas mais reclamadas no Brasil e no DF"},"content":{"rendered":"<h4>Telefonia, bancos e varejo s\u00e3o os assuntos mais demandados. Entretanto, as queixas cresceram nos servi\u00e7os p\u00fablicos como \u00e1gua e energia<\/h4>\n<figure id=\"attachment_1276\" aria-describedby=\"caption-attachment-1276\" style=\"width: 478px\" class=\"wp-caption aligncenter\"><a href=\"https:\/\/blogs.correiobraziliense.com.br\/consumidor\/wp-content\/uploads\/sites\/11\/2016\/08\/CBIFOT221120150215.jpg\" rel=\"attachment wp-att-1276\"><img loading=\"lazy\" decoding=\"async\" class=\" wp-image-1276\" src=\"https:\/\/blogs.correiobraziliense.com.br\/consumidor\/wp-content\/uploads\/sites\/11\/2016\/08\/CBIFOT221120150215.jpg\" alt=\"AFP PHOTO\" width=\"478\" height=\"317\" srcset=\"https:\/\/blogs.correiobraziliense.com.br\/consumidor\/wp-content\/uploads\/sites\/11\/2016\/08\/CBIFOT221120150215.jpg 800w, https:\/\/blogs.correiobraziliense.com.br\/consumidor\/wp-content\/uploads\/sites\/11\/2016\/08\/CBIFOT221120150215-300x199.jpg 300w, https:\/\/blogs.correiobraziliense.com.br\/consumidor\/wp-content\/uploads\/sites\/11\/2016\/08\/CBIFOT221120150215-768x509.jpg 768w, https:\/\/blogs.correiobraziliense.com.br\/consumidor\/wp-content\/uploads\/sites\/11\/2016\/08\/CBIFOT221120150215-350x232.jpg 350w, https:\/\/blogs.correiobraziliense.com.br\/consumidor\/wp-content\/uploads\/sites\/11\/2016\/08\/CBIFOT221120150215-550x364.jpg 550w, https:\/\/blogs.correiobraziliense.com.br\/consumidor\/wp-content\/uploads\/sites\/11\/2016\/08\/CBIFOT221120150215-230x152.jpg 230w\" sizes=\"auto, (max-width: 478px) 100vw, 478px\" \/><\/a><figcaption id=\"caption-attachment-1276\" class=\"wp-caption-text\">AFP PHOTO<\/figcaption><\/figure>\n<p>A Claro lidera um ranking pouco amistoso na rela\u00e7\u00e3o entre cliente e empresa. A telef\u00f4nica ficou em primeiro lugar entre as companhias mais reclamadas nos Procons brasileiros em 2016. A mesma realidade se repete no Distrito Federal. Os dados do <a href=\"http:\/\/www.justica.gov.br\/noticias\/mais-de-2-7-milhoes-de-consumidores-registraram-reclamacoes-em-2016\/boletim-sindec-2016.pdf\" target=\"_blank\">Sistema Nacional de Informa\u00e7\u00f5es de Defesa do Consumidor (Sindec)<\/a>, que re\u00fane informa\u00e7\u00f5es de todos os Procons do Brasil, foram divulgados nesta quinta-feira (16\/3) pelo Minist\u00e9rio da Justi\u00e7a.<\/p>\n<p>Segundo o levantamento, a Claro recebeu 179.841 reclama\u00e7\u00f5es no Brasil e 6.340 no Distrito Federal. Em seguida, no ranking nacional, v\u00eam mais empresas de telefonia: a Oi, em segundo, e a Vivo, em terceiro. Dessa forma, mais uma vez, a telefonia foi l\u00edder nas demandas nos Procons brasileiros. Ao todo, o servi\u00e7o de telefonia &#8211; internet, fixa, celular, e TV por assinatura &#8211; \u00e9 respons\u00e1vel por quase 30% de todas as queixas.<\/p>\n<p>Setor financeiro e varejo aparecem em seguida na lista dos 10 segmentos mais reclamados.\u00a0Entre as empresas, o Bradesco aparece em 4\u00ba lugar, o Ita\u00fa, em 5\u00ba, a Caixa, em 9\u00ba, e o Santander, em 10\u00ba. A varejista Casas Bahia\/Ponto Frio figura em 7\u00ba lugar.<\/p>\n<p>A cobran\u00e7a indevida foi o assunto que mais tirou a paci\u00eancia do consumidor e o levou a procurar ajuda dos Procons. De acordo com o Sindec nacional, 953.770 reclama\u00e7\u00f5es, ou seja, 40,5% do registrado diz respeito a cobran\u00e7as equivocadas que as empresas fizeram. Em seguida, os problemas s\u00e3o mais pulverizados: em segundo lugar est\u00e3o os contratos (16,6%) e, em terceiro, defeito o produto (14%).<\/p>\n<h5><strong>Servi\u00e7os p\u00fablicos<\/strong><\/h5>\n<p>Na edi\u00e7\u00e3o de 2016, o consumidor usou os Procons para reclamar da m\u00e1 qualidade dos servi\u00e7os p\u00fablicos, em especial, empresas de energia el\u00e9trica e de abastecimento de \u00e1gua e esgoto. Apenas esses dois segmentos tiveram aumento de demanda em rela\u00e7\u00e3o a 2015. Os demais, como telefonia, varejo, bancos, ind\u00fastria e avia\u00e7\u00e3o civil registraram queda em rela\u00e7\u00e3o ao ano passado.\u00a0Contra as concession\u00e1rias de energia el\u00e9trica, o aumento foi de 25,6% e as de abastecimento de \u00e1gua, 11,9%.<\/p>\n<h6><strong>Queda\u00a0<\/strong><\/h6>\n<p>Em 2016, foram realizados 2.458.127\u00a0atendimentos pelos Procons, o que significa uma queda de 7,2% em rela\u00e7\u00e3o ao ano anterior, com m\u00e9dia mensal de 205 mil consumidores atendidos.<\/p>\n<blockquote><p><strong>&gt; Veja a lista das empresas mais reclamadas em 2016 no Brasil:<\/strong><\/p><\/blockquote>\n<p><strong>1\u00ba<\/strong> Claro\/Embratel\/ Net<\/p>\n<p><strong>2\u00ba<\/strong> Oi Fixo\/Celular<\/p>\n<p><strong>3\u00ba<\/strong> Vivo\/Telef\u00f4nica\/ GVT<\/p>\n<p><strong>4\u00ba<\/strong> Bradesco<\/p>\n<p><strong>5\u00ba<\/strong> Ita\u00fa<\/p>\n<p><strong>6\u00ba<\/strong> TIM<\/p>\n<p><strong>7\u00ba<\/strong> Casas Bahia\/ Ponto Frio\/ CNova\/ Extra\/ P\u00e3o de A\u00e7\u00facar<\/p>\n<p><strong>8\u00ba<\/strong> SKY<\/p>\n<p><strong>9\u00ba<\/strong> Caixa<\/p>\n<p><strong>10\u00ba<\/strong> Santander<\/p>\n<div><\/div>\n","protected":false},"excerpt":{"rendered":"<p>Telefonia, bancos e varejo s\u00e3o os assuntos mais demandados. Entretanto, as queixas cresceram nos servi\u00e7os p\u00fablicos como \u00e1gua e energia A Claro lidera um ranking pouco amistoso na rela\u00e7\u00e3o entre cliente e empresa. A telef\u00f4nica ficou em primeiro lugar entre as companhias mais reclamadas nos Procons brasileiros em 2016. A mesma realidade se repete no Distrito Federal. Os dados do [&hellip;]<\/p>\n","protected":false},"author":28,"featured_media":0,"comment_status":"open","ping_status":"closed","sticky":false,"template":"","format":"standard","meta":{"footnotes":""},"categories":[144],"tags":[350,351,15,146,349,130],"class_list":["post-1901","post","type-post","status-publish","format-standard","hentry","category-consumidor","tag-claro","tag-cobranca-indevida","tag-procon","tag-reclamacao","tag-sindec","tag-varejo"],"_links":{"self":[{"href":"https:\/\/blogs.correiobraziliense.com.br\/consumidor\/wp-json\/wp\/v2\/posts\/1901","targetHints":{"allow":["GET"]}}],"collection":[{"href":"https:\/\/blogs.correiobraziliense.com.br\/consumidor\/wp-json\/wp\/v2\/posts"}],"about":[{"href":"https:\/\/blogs.correiobraziliense.com.br\/consumidor\/wp-json\/wp\/v2\/types\/post"}],"author":[{"embeddable":true,"href":"https:\/\/blogs.correiobraziliense.com.br\/consumidor\/wp-json\/wp\/v2\/users\/28"}],"replies":[{"embeddable":true,"href":"https:\/\/blogs.correiobraziliense.com.br\/consumidor\/wp-json\/wp\/v2\/comments?post=1901"}],"version-history":[{"count":4,"href":"https:\/\/blogs.correiobraziliense.com.br\/consumidor\/wp-json\/wp\/v2\/posts\/1901\/revisions"}],"predecessor-version":[{"id":1905,"href":"https:\/\/blogs.correiobraziliense.com.br\/consumidor\/wp-json\/wp\/v2\/posts\/1901\/revisions\/1905"}],"wp:attachment":[{"href":"https:\/\/blogs.correiobraziliense.com.br\/consumidor\/wp-json\/wp\/v2\/media?parent=1901"}],"wp:term":[{"taxonomy":"category","embeddable":true,"href":"https:\/\/blogs.correiobraziliense.com.br\/consumidor\/wp-json\/wp\/v2\/categories?post=1901"},{"taxonomy":"post_tag","embeddable":true,"href":"https:\/\/blogs.correiobraziliense.com.br\/consumidor\/wp-json\/wp\/v2\/tags?post=1901"}],"curies":[{"name":"wp","href":"https:\/\/api.w.org\/{rel}","templated":true}]}}