{"id":19,"date":"2015-01-21T18:35:00","date_gmt":"2015-01-21T20:35:00","guid":{"rendered":"https:\/\/blogs.correiobraziliense.com.br\/consumidor\/volkswagen_comunica__recall_de_57_mil_carros\/"},"modified":"2016-05-13T19:34:28","modified_gmt":"2016-05-13T22:34:28","slug":"volkswagen_comunica__recall_de_57_mil_carros","status":"publish","type":"post","link":"https:\/\/blogs.correiobraziliense.com.br\/consumidor\/volkswagen_comunica__recall_de_57_mil_carros\/","title":{"rendered":"Volkswagen comunica  recall de 5,7 mil carros"},"content":{"rendered":"\n<p>A montadora Volkswagen chamou para o recall 5,7 mil carros. Os propriet\u00e1rios dos modelos Fox, Cross Fox, Space Fox e Space Cross produzidos entre 13 de mar\u00e7o a 18 de julho de 2014 devem procurar uma concession\u00e1ria para a substitui\u00e7\u00e3o da unidade de comando do sistema de airbag. De acordo com a Volks, o equipamento pode conter um sensor defeituoso e, em consequ\u00eancia deste defeito o sistema do airbag pode n\u00e3o funcionar em caso de colis\u00e3o ou abrir involuntariamente, mesmo sem uma colis\u00e3o, podendo causar acidentes fatais ou graves com danos f\u00edsicos e materiais aos ocupantes.  <\/p>\n<p>Os donos de modelos Jetta Highline 2.0 TSI 2014, Novo Fusca 2014\/2015 e Novo Golf 2015 tamb\u00e9m devem procurar uma autorizada para substitui\u00e7\u00e3o da galeria de distribui\u00e7\u00e3o de combust\u00edvel. De acordo com a montadora, foi-se constatado a exist\u00eancia de pe\u00e7as com possibilidade de falha de solda na veda\u00e7\u00e3o da galeria de distribui\u00e7\u00e3o de combust\u00edvel, ocasionando vazamento, o que pode causar inc\u00eandio do ve\u00edculo.  <\/p>\n<p>Para mais informa\u00e7\u00f5es, a Volkswagen disponibiliza o telefone 0800 019 8866 e o<a href=\"http:\/\/www.vw.com.br\/pt.html\"> site<\/a>.   <\/p>\n","protected":false},"excerpt":{"rendered":"<p>A montadora Volkswagen chamou para o recall 5,7 mil carros. Os propriet\u00e1rios dos modelos Fox, Cross Fox, Space Fox e Space Cross produzidos entre 13 de mar\u00e7o a 18 de julho de 2014 devem procurar uma concession\u00e1ria para a substitui\u00e7\u00e3o da unidade de comando do sistema de airbag. De acordo com a Volks, o equipamento pode conter um sensor defeituoso [&hellip;]<\/p>\n","protected":false},"author":28,"featured_media":0,"comment_status":"open","ping_status":"closed","sticky":false,"template":"","format":"standard","meta":{"footnotes":""},"categories":[1],"tags":[],"class_list":["post-19","post","type-post","status-publish","format-standard","hentry","category-sem-categoria"],"_links":{"self":[{"href":"https:\/\/blogs.correiobraziliense.com.br\/consumidor\/wp-json\/wp\/v2\/posts\/19","targetHints":{"allow":["GET"]}}],"collection":[{"href":"https:\/\/blogs.correiobraziliense.com.br\/consumidor\/wp-json\/wp\/v2\/posts"}],"about":[{"href":"https:\/\/blogs.correiobraziliense.com.br\/consumidor\/wp-json\/wp\/v2\/types\/post"}],"author":[{"embeddable":true,"href":"https:\/\/blogs.correiobraziliense.com.br\/consumidor\/wp-json\/wp\/v2\/users\/28"}],"replies":[{"embeddable":true,"href":"https:\/\/blogs.correiobraziliense.com.br\/consumidor\/wp-json\/wp\/v2\/comments?post=19"}],"version-history":[{"count":1,"href":"https:\/\/blogs.correiobraziliense.com.br\/consumidor\/wp-json\/wp\/v2\/posts\/19\/revisions"}],"predecessor-version":[{"id":1144,"href":"https:\/\/blogs.correiobraziliense.com.br\/consumidor\/wp-json\/wp\/v2\/posts\/19\/revisions\/1144"}],"wp:attachment":[{"href":"https:\/\/blogs.correiobraziliense.com.br\/consumidor\/wp-json\/wp\/v2\/media?parent=19"}],"wp:term":[{"taxonomy":"category","embeddable":true,"href":"https:\/\/blogs.correiobraziliense.com.br\/consumidor\/wp-json\/wp\/v2\/categories?post=19"},{"taxonomy":"post_tag","embeddable":true,"href":"https:\/\/blogs.correiobraziliense.com.br\/consumidor\/wp-json\/wp\/v2\/tags?post=19"}],"curies":[{"name":"wp","href":"https:\/\/api.w.org\/{rel}","templated":true}]}}