{"id":189,"date":"2012-08-10T17:14:00","date_gmt":"2012-08-10T20:14:00","guid":{"rendered":"https:\/\/blogs.correiobraziliense.com.br\/consumidor\/recall_da_toyota_land_rover_e_mercedes-benz\/"},"modified":"2012-08-10T17:14:00","modified_gmt":"2012-08-10T20:14:00","slug":"recall_da_toyota_land_rover_e_mercedes-benz","status":"publish","type":"post","link":"https:\/\/blogs.correiobraziliense.com.br\/consumidor\/recall_da_toyota_land_rover_e_mercedes-benz\/","title":{"rendered":"Recall da Toyota, Land Rover e Mercedes-Benz"},"content":{"rendered":"\n<p>Os consumidores que compraram carros da Toyota e Land Rover e \u00f4nibus da Mercedes-Benz devem procurar as montadoras para a substitui\u00e7\u00e3o de pe\u00e7as. As tr\u00eas empresas protocoloram campanha de recall na Secretaria Nacional do Consumidor do Minist\u00e9rio da Justi\u00e7a. <\/p>\n<p>A Toyota chama para a verifica\u00e7\u00e3o e substitui\u00e7\u00e3o da suspens\u00e3o traseira  dos ve\u00edculos Rav-4, fabricados entre 2005 e 2010. De acordo com a  empresa, s\u00e3o 5.897 unidades do produto, e engloba os ve\u00edculos com numera\u00e7\u00e3o de  chassi compreendida entre os intervalos JTMBD31V**5005722 a  JTMBD31V**5262087, para os modelos ACA33L-ANPGK; e JTMZD31V**5164432 a  JTMZD31V**5167398, para os modelos ACA38L-ANPGK. <\/p>\n<p>Sobre os riscos \u00e0 sa\u00fade e seguran\u00e7a do  consumidor, a empresa destacou que \u201co condutor do ve\u00edculo que apresentar  o defeito poder\u00e1 ouvir um ru\u00eddo anormal proveniente da parte traseira  do autom\u00f3vel. Em maior grau, por\u00e9m com muito baixa probabilidade de  ocorrer, o condutor poder\u00e1 perder o controle do ve\u00edculo\u201d. <\/p>\n<p>J\u00e1 a Jaguar Land Rover Brasil chama os consumidores para a  verifica\u00e7\u00e3o e substitui\u00e7\u00e3o da fixa\u00e7\u00e3o dos cintos de seguran\u00e7a presentes  em ve\u00edculos Land Rover Defender ano\/modelo 2011. De acordo com a  empresa, s\u00e3o113 ve\u00edculos Defender com numera\u00e7\u00e3o de  chassi compreendida entre os intervalos SALLDVBS8BA40004 a  SALLDVBS8BA826073, para os modelos Defender 90; SALLDKWS8BA824547 a  SALLDKWS8BA825943, para os modelos Defender 130 (2 portas); e  SALLDKVS8BA400013 a SALLDKVS8BA825980, para os modelos Defender 130,  quatro portas. <\/p>\n<p>Quanto aos riscos \u00e0 sa\u00fade e seguran\u00e7a, a empresa  destacou que \u201cexiste a possibilidade do cinto de seguran\u00e7a se soltar do  suporte de fixa\u00e7\u00e3o.\u201d Se isso acontecer, \u201cem caso de frenagens bruscas ou  colis\u00f5es a funcionalidade do dispositivo estar\u00e1 comprometida, fazendo  com que n\u00e3o cumpra a sua fun\u00e7\u00e3o precisa e coesa podendo ocasionar les\u00f5es  ou morte em caso de acidente\u201d. <\/p>\n<p>A Mercedez Benz ealiza recall para reparametriza\u00e7\u00e3o e, se  necess\u00e1rio, a instala\u00e7\u00e3o de chicote el\u00e9trico adicional no chassi dos  \u00f4nibus O500, fabricados entre 2010 e 2012. De acordo com a empresa, o recall abrange os ve\u00edculos com  numera\u00e7\u00e3o de chassi entre intervalos de 9BM382189AB696646 a  9BM382188CB859221. No total, s\u00e3o 633 unidades. <\/p>\n<p>Quanto aos riscos \u00e0  sa\u00fade e seguran\u00e7a, a empresa informou: \u201ccaso o ve\u00edculo esteja em aclive  e seu condutor tente arrancar sem a 1\u00aa marcha engatada&nbsp; pode provocar o  recuo inesperado e causar acidente\u201d. <\/p>\n<p><img decoding=\"async\" src=\"https:\/\/blogs.correiobraziliense.com.br\/wp-content\/uploads\/blog-consumidor\/pix.gif\"> \t\t\t \t\t\t \t\t\t\t <\/p>\n<p> \t\t\t \t\t\t<img decoding=\"async\" src=\"https:\/\/blogs.correiobraziliense.com.br\/wp-content\/uploads\/blog-consumidor\/pix.gif\">   <\/p>\n","protected":false},"excerpt":{"rendered":"<p>Os consumidores que compraram carros da Toyota e Land Rover e \u00f4nibus da Mercedes-Benz devem procurar as montadoras para a substitui\u00e7\u00e3o de pe\u00e7as. As tr\u00eas empresas protocoloram campanha de recall na Secretaria Nacional do Consumidor do Minist\u00e9rio da Justi\u00e7a. A Toyota chama para a verifica\u00e7\u00e3o e substitui\u00e7\u00e3o da suspens\u00e3o traseira dos ve\u00edculos Rav-4, fabricados entre 2005 e 2010. De acordo [&hellip;]<\/p>\n","protected":false},"author":28,"featured_media":0,"comment_status":"open","ping_status":"open","sticky":false,"template":"","format":"standard","meta":{"footnotes":""},"categories":[1],"tags":[],"class_list":["post-189","post","type-post","status-publish","format-standard","hentry","category-sem-categoria"],"_links":{"self":[{"href":"https:\/\/blogs.correiobraziliense.com.br\/consumidor\/wp-json\/wp\/v2\/posts\/189","targetHints":{"allow":["GET"]}}],"collection":[{"href":"https:\/\/blogs.correiobraziliense.com.br\/consumidor\/wp-json\/wp\/v2\/posts"}],"about":[{"href":"https:\/\/blogs.correiobraziliense.com.br\/consumidor\/wp-json\/wp\/v2\/types\/post"}],"author":[{"embeddable":true,"href":"https:\/\/blogs.correiobraziliense.com.br\/consumidor\/wp-json\/wp\/v2\/users\/28"}],"replies":[{"embeddable":true,"href":"https:\/\/blogs.correiobraziliense.com.br\/consumidor\/wp-json\/wp\/v2\/comments?post=189"}],"version-history":[{"count":0,"href":"https:\/\/blogs.correiobraziliense.com.br\/consumidor\/wp-json\/wp\/v2\/posts\/189\/revisions"}],"wp:attachment":[{"href":"https:\/\/blogs.correiobraziliense.com.br\/consumidor\/wp-json\/wp\/v2\/media?parent=189"}],"wp:term":[{"taxonomy":"category","embeddable":true,"href":"https:\/\/blogs.correiobraziliense.com.br\/consumidor\/wp-json\/wp\/v2\/categories?post=189"},{"taxonomy":"post_tag","embeddable":true,"href":"https:\/\/blogs.correiobraziliense.com.br\/consumidor\/wp-json\/wp\/v2\/tags?post=189"}],"curies":[{"name":"wp","href":"https:\/\/api.w.org\/{rel}","templated":true}]}}