{"id":1875,"date":"2017-03-07T07:00:08","date_gmt":"2017-03-07T10:00:08","guid":{"rendered":"https:\/\/blogs.correiobraziliense.com.br\/consumidor\/?p=1875"},"modified":"2017-03-06T15:00:25","modified_gmt":"2017-03-06T18:00:25","slug":"consumidor-tem-cuecas-furtadas-em-hotel-em-manaus","status":"publish","type":"post","link":"https:\/\/blogs.correiobraziliense.com.br\/consumidor\/consumidor-tem-cuecas-furtadas-em-hotel-em-manaus\/","title":{"rendered":"Consumidor tem cuecas furtadas em hotel em Manaus"},"content":{"rendered":"<p>O leitor Sim\u00e3o Scklazrowsky, 55 anos, morador da Asa Norte, reclama de um problema que teve em uma viagem pela CVC. De acordo com o advogado, ele comprou um pacote promocional de hospedagem mais traslado a\u00e9reo para o per\u00edodo de 17 a 20 de fevereiro, com destino a Manaus (AM). No dia em que chegou \u00e0 cidade, foi direto para o quarto do hotel e n\u00e3o saiu. Na manh\u00e3 seguinte, foi tomar caf\u00e9 e, \u00e0s 10h, regressou ao quarto e a camareira ainda n\u00e3o havia passado por l\u00e1.<\/p>\n<p>Para que pudessem arrumar o quarto, Sim\u00e3o foi para a sala de televis\u00e3o do hotel passar o tempo. Ao retornar ao c\u00f4modo, foi olhar a mala e sentiu falta de 10 cuecas novas e de um desodorante. Indignado, desceu imediatamente para a recep\u00e7\u00e3o para falar com a propriet\u00e1ria do local. No primeiro momento, a dona pediu para que Sim\u00e3o se acalmasse, pois estava atraindo aten\u00e7\u00e3o dos outros h\u00f3spedes. Para solucionar o problema, a mulher se ofereceu para ir ao shopping comprar as pe\u00e7as \u00edntimas para o consumidor. Sim\u00e3o n\u00e3o aceitou e ela ent\u00e3o ofereceu R$ 100.<\/p>\n<p>Entretanto, s\u00f3 de t\u00e1xi, o homem diz que gastou R$ 50 para ir e voltar do centro comercial e n\u00e3o conseguiu repor as pe\u00e7as que alega terem sido furtadas. O consumidor pede que a CVC reveja o conv\u00eanio com o hotel. \u201cIsso foi um preju\u00edzo emocional e de danos materiais. A CVC precisa escolher melhor os hot\u00e9is com os quais faz parceria.\u201d<\/p>\n<p><strong>Resposta da empresa<\/strong><\/p>\n<p>A equipe do Grita do Consumidor entrou em contato com a CVC, por\u00e9m n\u00e3o obteve resposta at\u00e9 o fechamento desta edi\u00e7\u00e3o.<\/p>\n","protected":false},"excerpt":{"rendered":"<p>O leitor Sim\u00e3o Scklazrowsky, 55 anos, morador da Asa Norte, reclama de um problema que teve em uma viagem pela CVC. De acordo com o advogado, ele comprou um pacote promocional de hospedagem mais traslado a\u00e9reo para o per\u00edodo de 17 a 20 de fevereiro, com destino a Manaus (AM). No dia em que chegou \u00e0 cidade, foi direto para [&hellip;]<\/p>\n","protected":false},"author":28,"featured_media":0,"comment_status":"open","ping_status":"closed","sticky":false,"template":"","format":"standard","meta":{"footnotes":""},"categories":[144],"tags":[],"class_list":["post-1875","post","type-post","status-publish","format-standard","hentry","category-consumidor"],"_links":{"self":[{"href":"https:\/\/blogs.correiobraziliense.com.br\/consumidor\/wp-json\/wp\/v2\/posts\/1875","targetHints":{"allow":["GET"]}}],"collection":[{"href":"https:\/\/blogs.correiobraziliense.com.br\/consumidor\/wp-json\/wp\/v2\/posts"}],"about":[{"href":"https:\/\/blogs.correiobraziliense.com.br\/consumidor\/wp-json\/wp\/v2\/types\/post"}],"author":[{"embeddable":true,"href":"https:\/\/blogs.correiobraziliense.com.br\/consumidor\/wp-json\/wp\/v2\/users\/28"}],"replies":[{"embeddable":true,"href":"https:\/\/blogs.correiobraziliense.com.br\/consumidor\/wp-json\/wp\/v2\/comments?post=1875"}],"version-history":[{"count":1,"href":"https:\/\/blogs.correiobraziliense.com.br\/consumidor\/wp-json\/wp\/v2\/posts\/1875\/revisions"}],"predecessor-version":[{"id":1876,"href":"https:\/\/blogs.correiobraziliense.com.br\/consumidor\/wp-json\/wp\/v2\/posts\/1875\/revisions\/1876"}],"wp:attachment":[{"href":"https:\/\/blogs.correiobraziliense.com.br\/consumidor\/wp-json\/wp\/v2\/media?parent=1875"}],"wp:term":[{"taxonomy":"category","embeddable":true,"href":"https:\/\/blogs.correiobraziliense.com.br\/consumidor\/wp-json\/wp\/v2\/categories?post=1875"},{"taxonomy":"post_tag","embeddable":true,"href":"https:\/\/blogs.correiobraziliense.com.br\/consumidor\/wp-json\/wp\/v2\/tags?post=1875"}],"curies":[{"name":"wp","href":"https:\/\/api.w.org\/{rel}","templated":true}]}}