{"id":186,"date":"2012-08-06T16:24:00","date_gmt":"2012-08-06T19:24:00","guid":{"rendered":"https:\/\/blogs.correiobraziliense.com.br\/consumidor\/dez_bancos_sao_notificados_por_cobranca_abusiva\/"},"modified":"2012-08-06T16:24:00","modified_gmt":"2012-08-06T19:24:00","slug":"dez_bancos_sao_notificados_por_cobranca_abusiva","status":"publish","type":"post","link":"https:\/\/blogs.correiobraziliense.com.br\/consumidor\/dez_bancos_sao_notificados_por_cobranca_abusiva\/","title":{"rendered":"Dez bancos s\u00e3o notificados por cobran\u00e7a abusiva"},"content":{"rendered":"\n<p>Dez  institui\u00e7\u00f5es financeiras receberam notifica\u00e7\u00e3o da Secretaria Nacional do  Consumidor porque estariam cobrando a Tarifa de Cadastro para abertura  de cr\u00e9dito para aquisi\u00e7\u00e3o de ve\u00edculos. Segundo a Senacon, as den\u00fancias  de consumidores n\u00e3o param de chegar aos Procons de todo o pa\u00eds.    <\/p>\n<p> Receberam a&nbsp; notifica\u00e7\u00e3o os bancos do Brasil, Ita\u00fa, Bradesco,  Votorantim, Volkswagem, Gmac S.A, HSBC, Safra, Honda e Santander. As  institui\u00e7\u00f5es ter\u00e3o 10 dias para apresentar esclarecimentos \u00e0 Senacon.   <\/p>\n<p> A cobran\u00e7a da tarifa foi considerada abusiva pelos Procons de todo o  Brasil. Os bancos alegam que cobram a taxa resguardados por uma  resolu\u00e7\u00e3o do Banco Central. Por\u00e9m, o entendimentos dos \u00f3rg\u00e3os de defesa  do consumidor \u00e9 o de que uma norma do BC n\u00e3o pode ser superior ao C\u00f3digo  de Defesa do Consumidor, que pro\u00edbe qualquer rela\u00e7\u00e3o desequilibrada  entre cliente e empresa.   <\/p>\n<p> Para a Associa\u00e7\u00e3o Brasileira de Procons, a cobran\u00e7a da TAC encaixa nos  artigos 39 e 51 do C\u00f3digo de Defesa do Consumidor. A lei deixa claro que  a empresa (fornecedor) n\u00e3o pode ter vantagem excessiva em rela\u00e7\u00e3o ao  consumidor. Exigir um pagamento de uma taxa desequilibra essa rela\u00e7\u00e3o de  consumo e a torna ilegal. \u201cS\u00e3o nulas de pleno direito, as cl\u00e1usulas  contratuais relativas ao fornecimento de produtos e servi\u00e7os que  estabele\u00e7am obriga\u00e7\u00f5es in\u00edquias, abusivas, que coloquem o consumidor em  desvantagem exagerada, ou sejam incompat\u00edveis com a boa-f\u00e9 ou a  equidade\u201d, diz o artigo 5   <\/p>\n","protected":false},"excerpt":{"rendered":"<p>Dez institui\u00e7\u00f5es financeiras receberam notifica\u00e7\u00e3o da Secretaria Nacional do Consumidor porque estariam cobrando a Tarifa de Cadastro para abertura de cr\u00e9dito para aquisi\u00e7\u00e3o de ve\u00edculos. Segundo a Senacon, as den\u00fancias de consumidores n\u00e3o param de chegar aos Procons de todo o pa\u00eds. Receberam a&nbsp; notifica\u00e7\u00e3o os bancos do Brasil, Ita\u00fa, Bradesco, Votorantim, Volkswagem, Gmac S.A, HSBC, Safra, Honda e Santander. [&hellip;]<\/p>\n","protected":false},"author":28,"featured_media":0,"comment_status":"open","ping_status":"open","sticky":false,"template":"","format":"standard","meta":{"footnotes":""},"categories":[1],"tags":[],"class_list":["post-186","post","type-post","status-publish","format-standard","hentry","category-sem-categoria"],"_links":{"self":[{"href":"https:\/\/blogs.correiobraziliense.com.br\/consumidor\/wp-json\/wp\/v2\/posts\/186","targetHints":{"allow":["GET"]}}],"collection":[{"href":"https:\/\/blogs.correiobraziliense.com.br\/consumidor\/wp-json\/wp\/v2\/posts"}],"about":[{"href":"https:\/\/blogs.correiobraziliense.com.br\/consumidor\/wp-json\/wp\/v2\/types\/post"}],"author":[{"embeddable":true,"href":"https:\/\/blogs.correiobraziliense.com.br\/consumidor\/wp-json\/wp\/v2\/users\/28"}],"replies":[{"embeddable":true,"href":"https:\/\/blogs.correiobraziliense.com.br\/consumidor\/wp-json\/wp\/v2\/comments?post=186"}],"version-history":[{"count":0,"href":"https:\/\/blogs.correiobraziliense.com.br\/consumidor\/wp-json\/wp\/v2\/posts\/186\/revisions"}],"wp:attachment":[{"href":"https:\/\/blogs.correiobraziliense.com.br\/consumidor\/wp-json\/wp\/v2\/media?parent=186"}],"wp:term":[{"taxonomy":"category","embeddable":true,"href":"https:\/\/blogs.correiobraziliense.com.br\/consumidor\/wp-json\/wp\/v2\/categories?post=186"},{"taxonomy":"post_tag","embeddable":true,"href":"https:\/\/blogs.correiobraziliense.com.br\/consumidor\/wp-json\/wp\/v2\/tags?post=186"}],"curies":[{"name":"wp","href":"https:\/\/api.w.org\/{rel}","templated":true}]}}