{"id":184,"date":"2012-08-02T15:20:00","date_gmt":"2012-08-02T18:20:00","guid":{"rendered":"https:\/\/blogs.correiobraziliense.com.br\/consumidor\/mp_questiona_legalidade_da_lei_que_obriga_uso_de_airbag_em_moto\/"},"modified":"2012-08-02T15:20:00","modified_gmt":"2012-08-02T18:20:00","slug":"mp_questiona_legalidade_da_lei_que_obriga_uso_de_airbag_em_moto","status":"publish","type":"post","link":"https:\/\/blogs.correiobraziliense.com.br\/consumidor\/mp_questiona_legalidade_da_lei_que_obriga_uso_de_airbag_em_moto\/","title":{"rendered":"MP questiona legalidade da lei que obriga uso de airbag em moto"},"content":{"rendered":"\n<p>O Minist\u00e9rio P\u00fablico do Distrito Federal ajuizou uma a\u00e7\u00e3o direta de inconstitucionalidade (ADI) contra a lei distrital que obriga as empresas prestadoras de servi\u00e7o a fornecerem aos motociclistas um colete infl\u00e1vel de prote\u00e7\u00e3o que funciona como airbag. A lei n\u00ba 4.890\/2012 fixa multa de R$ 500 em caso de descumprimento e responsabilidade solid\u00e1ria aos motociclistas, o que significa que eles tamb\u00e9m podem ser penalizados se n\u00e3o usarem o equipamento no hor\u00e1rio de trabalho.   <\/p>\n<p>No entendimento do MPDFT a lei distrital contraria a lei org\u00e2nica do DF porque invade a compet\u00eancia priivativa da Uni\u00e3o para legislar sobre tr\u00e2nsito.    <\/p>\n","protected":false},"excerpt":{"rendered":"<p>O Minist\u00e9rio P\u00fablico do Distrito Federal ajuizou uma a\u00e7\u00e3o direta de inconstitucionalidade (ADI) contra a lei distrital que obriga as empresas prestadoras de servi\u00e7o a fornecerem aos motociclistas um colete infl\u00e1vel de prote\u00e7\u00e3o que funciona como airbag. A lei n\u00ba 4.890\/2012 fixa multa de R$ 500 em caso de descumprimento e responsabilidade solid\u00e1ria aos motociclistas, o que significa que eles [&hellip;]<\/p>\n","protected":false},"author":28,"featured_media":0,"comment_status":"open","ping_status":"open","sticky":false,"template":"","format":"standard","meta":{"footnotes":""},"categories":[1],"tags":[],"class_list":["post-184","post","type-post","status-publish","format-standard","hentry","category-sem-categoria"],"_links":{"self":[{"href":"https:\/\/blogs.correiobraziliense.com.br\/consumidor\/wp-json\/wp\/v2\/posts\/184","targetHints":{"allow":["GET"]}}],"collection":[{"href":"https:\/\/blogs.correiobraziliense.com.br\/consumidor\/wp-json\/wp\/v2\/posts"}],"about":[{"href":"https:\/\/blogs.correiobraziliense.com.br\/consumidor\/wp-json\/wp\/v2\/types\/post"}],"author":[{"embeddable":true,"href":"https:\/\/blogs.correiobraziliense.com.br\/consumidor\/wp-json\/wp\/v2\/users\/28"}],"replies":[{"embeddable":true,"href":"https:\/\/blogs.correiobraziliense.com.br\/consumidor\/wp-json\/wp\/v2\/comments?post=184"}],"version-history":[{"count":0,"href":"https:\/\/blogs.correiobraziliense.com.br\/consumidor\/wp-json\/wp\/v2\/posts\/184\/revisions"}],"wp:attachment":[{"href":"https:\/\/blogs.correiobraziliense.com.br\/consumidor\/wp-json\/wp\/v2\/media?parent=184"}],"wp:term":[{"taxonomy":"category","embeddable":true,"href":"https:\/\/blogs.correiobraziliense.com.br\/consumidor\/wp-json\/wp\/v2\/categories?post=184"},{"taxonomy":"post_tag","embeddable":true,"href":"https:\/\/blogs.correiobraziliense.com.br\/consumidor\/wp-json\/wp\/v2\/tags?post=184"}],"curies":[{"name":"wp","href":"https:\/\/api.w.org\/{rel}","templated":true}]}}