{"id":180,"date":"2012-07-27T12:08:00","date_gmt":"2012-07-27T15:08:00","guid":{"rendered":"https:\/\/blogs.correiobraziliense.com.br\/consumidor\/remedios_isentos_de_prescricao_medica_voltam_para_a_frente_do_balcao\/"},"modified":"2012-07-27T12:08:00","modified_gmt":"2012-07-27T15:08:00","slug":"remedios_isentos_de_prescricao_medica_voltam_para_a_frente_do_balcao","status":"publish","type":"post","link":"https:\/\/blogs.correiobraziliense.com.br\/consumidor\/remedios_isentos_de_prescricao_medica_voltam_para_a_frente_do_balcao\/","title":{"rendered":"Rem\u00e9dios isentos de prescri\u00e7\u00e3o m\u00e9dica voltam para a frente do balc\u00e3o"},"content":{"rendered":"\n<p>&nbsp;&nbsp;&nbsp;&nbsp;&nbsp;&nbsp;&nbsp;&nbsp;&nbsp;&nbsp;&nbsp;&nbsp;&nbsp;&nbsp;&nbsp;&nbsp;&nbsp;&nbsp;&nbsp;&nbsp;&nbsp;&nbsp;&nbsp;&nbsp;&nbsp;&nbsp;&nbsp;&nbsp;&nbsp; <img decoding=\"async\" src=\"https:\/\/blogs.correiobraziliense.com.br\/wp-content\/uploads\/blog-consumidor\/170283cae6fb11cb68f166b6a0b3f0f9.jpg\">  <\/p>\n<p>Medicamentos que n\u00e3o precisam de receita m\u00e9dica para serem comprados por pacientes voltam ao alcance dos usu\u00e1rios nas prateleiras de farm\u00e1cias e drogarias de todo o pa\u00eds. Conforme determinou uma resolu\u00e7\u00e3o da Ag\u00eancia Nacional de Vigil\u00e2ncia Sanit\u00e1ria (Anvisa) publicada hoje no Di\u00e1rio Oficial da Uni\u00e3o.    <\/p>\n<p>A resolu\u00e7\u00e3o altera outra publicada em 2009, que obrigou os estabelecimentos a colocarem todos os medicamentos para prateleiras localizadas atr\u00e1s do balc\u00e3o. Na \u00e9poca, a Anvisa alegava que a medida era para impedir a automedica\u00e7\u00e3o.    <\/p>\n<p><br style=\"font-size: small\"> De acordo com a nova norma, os medicamentos de venda livre devem ficar  em \u00e1rea segregada \u00e0quela destinada a produtos como  cosm\u00e9ticos e itens diet\u00e9ticos, por exemplo. Eles devem ser organizados  por princ\u00edpio ativo para permitir a f\u00e1cil identifica\u00e7\u00e3o pelos usu\u00e1rios.<br style=\"font-size: small\"> <br style=\"font-size: small\"> A nova resolu\u00e7\u00e3o exige que, na \u00e1rea destinada aos medicamentos,  cartazes sejam fixados com a mensagem: &#8220;Medicamentos podem causar efeitos indesejados. Evite automedica\u00e7\u00e3o: informe-se com o farmac\u00eautico.&#8221;   <\/p>\n<p>  <br style=\"font-style: italic\">Foto: Adauto Cruz\/CB\/D.A Press <\/p>\n<p><br style=\"font-size: small\"> <br style=\"font-size: small\"> <br style=\"font-size: small\">    <\/p>\n","protected":false},"excerpt":{"rendered":"<p>&nbsp;&nbsp;&nbsp;&nbsp;&nbsp;&nbsp;&nbsp;&nbsp;&nbsp;&nbsp;&nbsp;&nbsp;&nbsp;&nbsp;&nbsp;&nbsp;&nbsp;&nbsp;&nbsp;&nbsp;&nbsp;&nbsp;&nbsp;&nbsp;&nbsp;&nbsp;&nbsp;&nbsp;&nbsp; Medicamentos que n\u00e3o precisam de receita m\u00e9dica para serem comprados por pacientes voltam ao alcance dos usu\u00e1rios nas prateleiras de farm\u00e1cias e drogarias de todo o pa\u00eds. Conforme determinou uma resolu\u00e7\u00e3o da Ag\u00eancia Nacional de Vigil\u00e2ncia Sanit\u00e1ria (Anvisa) publicada hoje no Di\u00e1rio Oficial da Uni\u00e3o. A resolu\u00e7\u00e3o altera outra publicada em 2009, que obrigou os estabelecimentos a colocarem todos [&hellip;]<\/p>\n","protected":false},"author":28,"featured_media":0,"comment_status":"open","ping_status":"open","sticky":false,"template":"","format":"standard","meta":{"footnotes":""},"categories":[1],"tags":[],"class_list":["post-180","post","type-post","status-publish","format-standard","hentry","category-sem-categoria"],"_links":{"self":[{"href":"https:\/\/blogs.correiobraziliense.com.br\/consumidor\/wp-json\/wp\/v2\/posts\/180","targetHints":{"allow":["GET"]}}],"collection":[{"href":"https:\/\/blogs.correiobraziliense.com.br\/consumidor\/wp-json\/wp\/v2\/posts"}],"about":[{"href":"https:\/\/blogs.correiobraziliense.com.br\/consumidor\/wp-json\/wp\/v2\/types\/post"}],"author":[{"embeddable":true,"href":"https:\/\/blogs.correiobraziliense.com.br\/consumidor\/wp-json\/wp\/v2\/users\/28"}],"replies":[{"embeddable":true,"href":"https:\/\/blogs.correiobraziliense.com.br\/consumidor\/wp-json\/wp\/v2\/comments?post=180"}],"version-history":[{"count":0,"href":"https:\/\/blogs.correiobraziliense.com.br\/consumidor\/wp-json\/wp\/v2\/posts\/180\/revisions"}],"wp:attachment":[{"href":"https:\/\/blogs.correiobraziliense.com.br\/consumidor\/wp-json\/wp\/v2\/media?parent=180"}],"wp:term":[{"taxonomy":"category","embeddable":true,"href":"https:\/\/blogs.correiobraziliense.com.br\/consumidor\/wp-json\/wp\/v2\/categories?post=180"},{"taxonomy":"post_tag","embeddable":true,"href":"https:\/\/blogs.correiobraziliense.com.br\/consumidor\/wp-json\/wp\/v2\/tags?post=180"}],"curies":[{"name":"wp","href":"https:\/\/api.w.org\/{rel}","templated":true}]}}