{"id":1787,"date":"2017-02-15T07:00:05","date_gmt":"2017-02-15T09:00:05","guid":{"rendered":"https:\/\/blogs.correiobraziliense.com.br\/consumidor\/?p=1787"},"modified":"2017-02-13T16:44:07","modified_gmt":"2017-02-13T18:44:07","slug":"samsung-admite-problema-em-celular-de-consumidora-mas-diz-que-nao-se-responsabiliza","status":"publish","type":"post","link":"https:\/\/blogs.correiobraziliense.com.br\/consumidor\/samsung-admite-problema-em-celular-de-consumidora-mas-diz-que-nao-se-responsabiliza\/","title":{"rendered":"Samsung admite problema em celular de consumidora, mas diz que n\u00e3o se responsabiliza"},"content":{"rendered":"<p>Rebecca Gon\u00e7alves Terra comprou um Samsung Galaxy S4 na loja da Vivo do Taguatinga Shopping em mar\u00e7o de 2015. Em dezembro do mesmo ano, o aparelho passou a apresentar problema. Rebecca procurou a assist\u00eancia t\u00e9cnica, que afirmou que a bateria estava comprimindo o leitor do chip. Uma nova bateria foi colocada e o problema foi aparentemente resolvido. Em 3 novembro do ano passado, Rebecca mudou de operadora e o chip voltou a apresentar a mensagem de erro. Ela imaginou que o aparelho estivesse bloqueado para outras operadoras, mas, na loja em que o celular foi comprado, o atendente alegou que n\u00e3o tinha acesso a essa informa\u00e7\u00e3o.<\/p>\n<p>De volta \u00e0 assist\u00eancia da Samsung, o t\u00e9cnico informou que o problema estava no chip, n\u00e3o no aparelho. Ao trocar o chip no local, por\u00e9m, o problema persistiu e o celular ficou para an\u00e1lise. O conserto custaria R$ 850. Rebecca n\u00e3o autorizou. Seis dias depois, a consumidora ligou para a central de atendimento da Samsung por acreditar que o problema era referente ao aparelho e que se tratava de um v\u00edcio oculto, j\u00e1 que ela n\u00e3o poderia determinar se o dano era no chip ou n\u00e3o. Depois disso, tentou enviar o produto pelos Correios, mas teve problema com c\u00f3digos de envio fornecidos pela marca. Depois de diversos empecilhos, recebeu novo or\u00e7amento, de R$ 650 e novamente recusou. Por telefone, a Samsung admitiu que havia v\u00edcio oculto e que n\u00e3o tinha como detectar o defeito no aparelho, mas que tamb\u00e9m n\u00e3o se responsabilizaria. \u201cEu entendo que o aparelho n\u00e3o est\u00e1 mais na garantia, mas, para eu saber se a placa m\u00e3e do celular funciona integralmente, deveria ter testado um chip de cada operadora?\u201d, questiona. A consumidora alega ainda que o C\u00f3digo de Defesa do Consumidor a ampara em rela\u00e7\u00e3o a v\u00edcio oculto no aparelho.<\/p>\n<p><strong>Resposta da empresa<\/strong><\/p>\n<p>Em resposta ao caso, a Samsung informou que entrou em contato com a consumidora e garantiu que foram prestados todos os esclarecimentos.<\/p>\n<p><strong>Coment\u00e1rio da consumidora<\/strong><\/p>\n<p>A equipe do Grita do Consumidor tentou entrar em contato com a consumidora, mas n\u00e3o obteve resposta at\u00e9 o fechamento desta edi\u00e7\u00e3o.<\/p>\n<p><strong>Problemas com a empresa? Denuncie.\u00a0<\/strong><\/p>\n<p><a href=\"https:\/\/blogs.correiobraziliense.com.br\/consumidor\/wp-content\/uploads\/sites\/11\/2016\/11\/Celular.jpg\" rel=\"attachment wp-att-1613\"><img loading=\"lazy\" decoding=\"async\" class=\"alignnone size-full wp-image-1613\" src=\"https:\/\/blogs.correiobraziliense.com.br\/consumidor\/wp-content\/uploads\/sites\/11\/2016\/11\/Celular.jpg\" alt=\"Celular\" width=\"360\" height=\"134\" srcset=\"https:\/\/blogs.correiobraziliense.com.br\/consumidor\/wp-content\/uploads\/sites\/11\/2016\/11\/Celular.jpg 360w, https:\/\/blogs.correiobraziliense.com.br\/consumidor\/wp-content\/uploads\/sites\/11\/2016\/11\/Celular-300x112.jpg 300w, https:\/\/blogs.correiobraziliense.com.br\/consumidor\/wp-content\/uploads\/sites\/11\/2016\/11\/Celular-350x130.jpg 350w, https:\/\/blogs.correiobraziliense.com.br\/consumidor\/wp-content\/uploads\/sites\/11\/2016\/11\/Celular-230x86.jpg 230w\" sizes=\"auto, (max-width: 360px) 100vw, 360px\" \/><\/a><\/p>\n","protected":false},"excerpt":{"rendered":"<p>Rebecca Gon\u00e7alves Terra comprou um Samsung Galaxy S4 na loja da Vivo do Taguatinga Shopping em mar\u00e7o de 2015. Em dezembro do mesmo ano, o aparelho passou a apresentar problema. Rebecca procurou a assist\u00eancia t\u00e9cnica, que afirmou que a bateria estava comprimindo o leitor do chip. Uma nova bateria foi colocada e o problema foi aparentemente resolvido. Em 3 novembro [&hellip;]<\/p>\n","protected":false},"author":28,"featured_media":0,"comment_status":"open","ping_status":"closed","sticky":false,"template":"","format":"standard","meta":{"footnotes":""},"categories":[144],"tags":[],"class_list":["post-1787","post","type-post","status-publish","format-standard","hentry","category-consumidor"],"_links":{"self":[{"href":"https:\/\/blogs.correiobraziliense.com.br\/consumidor\/wp-json\/wp\/v2\/posts\/1787","targetHints":{"allow":["GET"]}}],"collection":[{"href":"https:\/\/blogs.correiobraziliense.com.br\/consumidor\/wp-json\/wp\/v2\/posts"}],"about":[{"href":"https:\/\/blogs.correiobraziliense.com.br\/consumidor\/wp-json\/wp\/v2\/types\/post"}],"author":[{"embeddable":true,"href":"https:\/\/blogs.correiobraziliense.com.br\/consumidor\/wp-json\/wp\/v2\/users\/28"}],"replies":[{"embeddable":true,"href":"https:\/\/blogs.correiobraziliense.com.br\/consumidor\/wp-json\/wp\/v2\/comments?post=1787"}],"version-history":[{"count":1,"href":"https:\/\/blogs.correiobraziliense.com.br\/consumidor\/wp-json\/wp\/v2\/posts\/1787\/revisions"}],"predecessor-version":[{"id":1788,"href":"https:\/\/blogs.correiobraziliense.com.br\/consumidor\/wp-json\/wp\/v2\/posts\/1787\/revisions\/1788"}],"wp:attachment":[{"href":"https:\/\/blogs.correiobraziliense.com.br\/consumidor\/wp-json\/wp\/v2\/media?parent=1787"}],"wp:term":[{"taxonomy":"category","embeddable":true,"href":"https:\/\/blogs.correiobraziliense.com.br\/consumidor\/wp-json\/wp\/v2\/categories?post=1787"},{"taxonomy":"post_tag","embeddable":true,"href":"https:\/\/blogs.correiobraziliense.com.br\/consumidor\/wp-json\/wp\/v2\/tags?post=1787"}],"curies":[{"name":"wp","href":"https:\/\/api.w.org\/{rel}","templated":true}]}}