{"id":1785,"date":"2017-02-14T07:00:02","date_gmt":"2017-02-14T09:00:02","guid":{"rendered":"https:\/\/blogs.correiobraziliense.com.br\/consumidor\/?p=1785"},"modified":"2017-02-13T16:40:33","modified_gmt":"2017-02-13T18:40:33","slug":"infiltracoes-incomodam-morador-e-condominio-nao-consegue-resolver-o-problema","status":"publish","type":"post","link":"https:\/\/blogs.correiobraziliense.com.br\/consumidor\/infiltracoes-incomodam-morador-e-condominio-nao-consegue-resolver-o-problema\/","title":{"rendered":"Infiltra\u00e7\u00f5es incomodam morador e condom\u00ednio n\u00e3o consegue resolver o problema"},"content":{"rendered":"<p>O analista de sistemas Igor Gar\u00e7ez dos Santos, 33 anos, reclama de infiltra\u00e7\u00f5es no apartamento onde mora, no Residencial Pallissander, em Valpara\u00edso (GO). De acordo com Igor, o problema come\u00e7ou em 13 de mar\u00e7o do ano passado, ap\u00f3s uma forte chuva. Passados alguns dias, o morador decidiu escrever um e-mail para o administrador do bloco, com fotos anexadas da situa\u00e7\u00e3o, al\u00e9m de ter aberto um protocolo de reclama\u00e7\u00e3o junto ao condom\u00ednio. Em agosto, recebeu a visita de um engenheiro para que a vistoria fosse feita e o problema, explicado. Passados dois dias, Igor encaminhou novo e-mail ao administrador do bloco, avisando que a vistoria j\u00e1 tinha sido feita e quais seriam as pr\u00f3ximas a\u00e7\u00f5es do condom\u00ednio. No entanto, nada foi feito. O leitor quer saber quando essa situa\u00e7\u00e3o ser\u00e1 resolvida e pede tamb\u00e9m uma c\u00f3pia do laudo t\u00e9cnico.<\/p>\n<p><strong>Resposta da empresa<\/strong><\/p>\n<p>A administra\u00e7\u00e3o do bloco respondeu que problemas de infiltra\u00e7\u00e3o s\u00e3o comuns em unidades em pr\u00e9dios que n\u00e3o recebem a devida manuten\u00e7\u00e3o e que a atual administra\u00e7\u00e3o recebeu o condom\u00ednio em estado prec\u00e1rio. Segundo eles, um laudo verificou que, nos \u00faltimos 20 anos, n\u00e3o foram feitas as devidas manuten\u00e7\u00f5es e que, al\u00e9m disso, h\u00e1 quest\u00f5es or\u00e7ament\u00e1rias pendentes que precisam ser resolvidas. \u201cTodavia o referido cond\u00f4mino reclamante j\u00e1 havia tido algumas reuni\u00f5es com o s\u00edndico e lhe foi pedido um pouco de paci\u00eancia, pois cada obra deve ser executada com parcim\u00f4nia. Em rela\u00e7\u00e3o ao laudo, o mesmo foi feito por amostragem, exatamente para verificar unidades e blocos muitos danificados, infelizmente o dele n\u00e3o havia entrado nessa contempla\u00e7\u00e3o. O s\u00edndico teve uma nova reuni\u00e3o com o referido morador, na qual ambos entraram em um acordo para solucionar a parte interna da unidade danificada pelas neglig\u00eancias de administra\u00e7\u00f5es passadas\u201d, informou.<\/p>\n<p><strong>Coment\u00e1rio do consumidor<\/strong><\/p>\n<p>\u201cEles me procuram fazendo o acordo de que o condom\u00ednio entre com a m\u00e3o de obra e eu fique com a parte do material de constru\u00e7\u00e3o\u201d, disse Igor. \u201cFiquei satisfeito com o atendimento que recebi do condom\u00ednio\u201d, finaliza.<\/p>\n<p><strong>Problemas com a empresa? Denuncie.<\/p>\n<p><a href=\"https:\/\/blogs.correiobraziliense.com.br\/consumidor\/wp-content\/uploads\/sites\/11\/2016\/11\/Celular.jpg\" rel=\"attachment wp-att-1613\"><img loading=\"lazy\" decoding=\"async\" class=\"alignnone size-full wp-image-1613\" src=\"https:\/\/blogs.correiobraziliense.com.br\/consumidor\/wp-content\/uploads\/sites\/11\/2016\/11\/Celular.jpg\" alt=\"Celular\" width=\"360\" height=\"134\" srcset=\"https:\/\/blogs.correiobraziliense.com.br\/consumidor\/wp-content\/uploads\/sites\/11\/2016\/11\/Celular.jpg 360w, https:\/\/blogs.correiobraziliense.com.br\/consumidor\/wp-content\/uploads\/sites\/11\/2016\/11\/Celular-300x112.jpg 300w, https:\/\/blogs.correiobraziliense.com.br\/consumidor\/wp-content\/uploads\/sites\/11\/2016\/11\/Celular-350x130.jpg 350w, https:\/\/blogs.correiobraziliense.com.br\/consumidor\/wp-content\/uploads\/sites\/11\/2016\/11\/Celular-230x86.jpg 230w\" sizes=\"auto, (max-width: 360px) 100vw, 360px\" \/><\/a><br \/>\n<\/strong><\/p>\n","protected":false},"excerpt":{"rendered":"<p>O analista de sistemas Igor Gar\u00e7ez dos Santos, 33 anos, reclama de infiltra\u00e7\u00f5es no apartamento onde mora, no Residencial Pallissander, em Valpara\u00edso (GO). De acordo com Igor, o problema come\u00e7ou em 13 de mar\u00e7o do ano passado, ap\u00f3s uma forte chuva. Passados alguns dias, o morador decidiu escrever um e-mail para o administrador do bloco, com fotos anexadas da situa\u00e7\u00e3o, [&hellip;]<\/p>\n","protected":false},"author":28,"featured_media":0,"comment_status":"open","ping_status":"closed","sticky":false,"template":"","format":"standard","meta":{"footnotes":""},"categories":[144],"tags":[],"class_list":["post-1785","post","type-post","status-publish","format-standard","hentry","category-consumidor"],"_links":{"self":[{"href":"https:\/\/blogs.correiobraziliense.com.br\/consumidor\/wp-json\/wp\/v2\/posts\/1785","targetHints":{"allow":["GET"]}}],"collection":[{"href":"https:\/\/blogs.correiobraziliense.com.br\/consumidor\/wp-json\/wp\/v2\/posts"}],"about":[{"href":"https:\/\/blogs.correiobraziliense.com.br\/consumidor\/wp-json\/wp\/v2\/types\/post"}],"author":[{"embeddable":true,"href":"https:\/\/blogs.correiobraziliense.com.br\/consumidor\/wp-json\/wp\/v2\/users\/28"}],"replies":[{"embeddable":true,"href":"https:\/\/blogs.correiobraziliense.com.br\/consumidor\/wp-json\/wp\/v2\/comments?post=1785"}],"version-history":[{"count":1,"href":"https:\/\/blogs.correiobraziliense.com.br\/consumidor\/wp-json\/wp\/v2\/posts\/1785\/revisions"}],"predecessor-version":[{"id":1786,"href":"https:\/\/blogs.correiobraziliense.com.br\/consumidor\/wp-json\/wp\/v2\/posts\/1785\/revisions\/1786"}],"wp:attachment":[{"href":"https:\/\/blogs.correiobraziliense.com.br\/consumidor\/wp-json\/wp\/v2\/media?parent=1785"}],"wp:term":[{"taxonomy":"category","embeddable":true,"href":"https:\/\/blogs.correiobraziliense.com.br\/consumidor\/wp-json\/wp\/v2\/categories?post=1785"},{"taxonomy":"post_tag","embeddable":true,"href":"https:\/\/blogs.correiobraziliense.com.br\/consumidor\/wp-json\/wp\/v2\/tags?post=1785"}],"curies":[{"name":"wp","href":"https:\/\/api.w.org\/{rel}","templated":true}]}}