{"id":1747,"date":"2017-02-07T15:03:29","date_gmt":"2017-02-07T17:03:29","guid":{"rendered":"https:\/\/blogs.correiobraziliense.com.br\/consumidor\/?p=1747"},"modified":"2017-02-07T15:03:29","modified_gmt":"2017-02-07T17:03:29","slug":"familia-e-indenizada-por-ter-acesso-negado-as-areas-comuns-devido-inadimplencia-com-o-condominio","status":"publish","type":"post","link":"https:\/\/blogs.correiobraziliense.com.br\/consumidor\/familia-e-indenizada-por-ter-acesso-negado-as-areas-comuns-devido-inadimplencia-com-o-condominio\/","title":{"rendered":"Fam\u00edlia \u00e9 indenizada por ter acesso negado \u00e0s \u00e1reas comuns devido \u00e0 inadimpl\u00eancia com o condom\u00ednio\u00a0"},"content":{"rendered":"<p>Uma fam\u00edlia de Ceil\u00e2ndia recebeu R$ 3 mil de indeniza\u00e7\u00e3o do Condom\u00ednio Residencial Allegro por ter o acesso impedido \u00e0 \u00e1rea de lazer. O condom\u00ednio estabeleceu a penalidade porque a fam\u00edlia estaria inadimplente com o pagamento das taxas.<\/p>\n<p>Entretanto, a Justi\u00e7a entendeu que os d\u00e9bitos cobrados pelo Condom\u00ednio eram anteriores \u00e0 mudan\u00e7a da fam\u00edlia e que os novos moradores s\u00f3 tiveram conhecimento da d\u00edvida em quest\u00e3o ap\u00f3s o bloqueio \u00e0s depend\u00eancias comuns. Em sua defesa, o Residencial Allegro argumentou que\u00a0agiu no exerc\u00edcio regular do direito e em conformidade com a conven\u00e7\u00e3o.<\/p>\n<p>Para a ju\u00edza, &#8220;apesar de cab\u00edvel a cobran\u00e7a, n\u00e3o se mostra razo\u00e1vel a suspens\u00e3o do acesso \u00e0s depend\u00eancias do condom\u00ednio a t\u00edtulo de puni\u00e7\u00e3o da requerente se n\u00e3o lhe foi comunicada a exist\u00eancia do d\u00e9bito e nem lhe foram garantidos os direitos da ampla defesa e do contradit\u00f3rio, de modo que se revela arbitr\u00e1ria e abusiva a aplica\u00e7\u00e3o da puni\u00e7\u00e3o impugnada, ainda que haja previs\u00e3o na conven\u00e7\u00e3o de condom\u00ednio&#8221;.<\/p>\n<p>O processo j\u00e1 passou pela segunda inst\u00e2ncia, que confirmou o primeiro entendimento judicial.<\/p>\n<p><em>Com informa\u00e7\u00f5es do TJDFT<\/em><\/p>\n<p>&nbsp;<\/p>\n","protected":false},"excerpt":{"rendered":"<p>Uma fam\u00edlia de Ceil\u00e2ndia recebeu R$ 3 mil de indeniza\u00e7\u00e3o do Condom\u00ednio Residencial Allegro por ter o acesso impedido \u00e0 \u00e1rea de lazer. O condom\u00ednio estabeleceu a penalidade porque a fam\u00edlia estaria inadimplente com o pagamento das taxas. Entretanto, a Justi\u00e7a entendeu que os d\u00e9bitos cobrados pelo Condom\u00ednio eram anteriores \u00e0 mudan\u00e7a da fam\u00edlia e que os novos moradores s\u00f3 [&hellip;]<\/p>\n","protected":false},"author":28,"featured_media":0,"comment_status":"open","ping_status":"closed","sticky":false,"template":"","format":"standard","meta":{"footnotes":""},"categories":[144],"tags":[],"class_list":["post-1747","post","type-post","status-publish","format-standard","hentry","category-consumidor"],"_links":{"self":[{"href":"https:\/\/blogs.correiobraziliense.com.br\/consumidor\/wp-json\/wp\/v2\/posts\/1747","targetHints":{"allow":["GET"]}}],"collection":[{"href":"https:\/\/blogs.correiobraziliense.com.br\/consumidor\/wp-json\/wp\/v2\/posts"}],"about":[{"href":"https:\/\/blogs.correiobraziliense.com.br\/consumidor\/wp-json\/wp\/v2\/types\/post"}],"author":[{"embeddable":true,"href":"https:\/\/blogs.correiobraziliense.com.br\/consumidor\/wp-json\/wp\/v2\/users\/28"}],"replies":[{"embeddable":true,"href":"https:\/\/blogs.correiobraziliense.com.br\/consumidor\/wp-json\/wp\/v2\/comments?post=1747"}],"version-history":[{"count":1,"href":"https:\/\/blogs.correiobraziliense.com.br\/consumidor\/wp-json\/wp\/v2\/posts\/1747\/revisions"}],"predecessor-version":[{"id":1748,"href":"https:\/\/blogs.correiobraziliense.com.br\/consumidor\/wp-json\/wp\/v2\/posts\/1747\/revisions\/1748"}],"wp:attachment":[{"href":"https:\/\/blogs.correiobraziliense.com.br\/consumidor\/wp-json\/wp\/v2\/media?parent=1747"}],"wp:term":[{"taxonomy":"category","embeddable":true,"href":"https:\/\/blogs.correiobraziliense.com.br\/consumidor\/wp-json\/wp\/v2\/categories?post=1747"},{"taxonomy":"post_tag","embeddable":true,"href":"https:\/\/blogs.correiobraziliense.com.br\/consumidor\/wp-json\/wp\/v2\/tags?post=1747"}],"curies":[{"name":"wp","href":"https:\/\/api.w.org\/{rel}","templated":true}]}}