{"id":1730,"date":"2017-02-01T11:49:09","date_gmt":"2017-02-01T13:49:09","guid":{"rendered":"https:\/\/blogs.correiobraziliense.com.br\/consumidor\/?p=1730"},"modified":"2017-02-01T18:02:24","modified_gmt":"2017-02-01T20:02:24","slug":"nota-legal-distribui-menor-valor-de-creditos-dos-ultimos-5-anos","status":"publish","type":"post","link":"https:\/\/blogs.correiobraziliense.com.br\/consumidor\/nota-legal-distribui-menor-valor-de-creditos-dos-ultimos-5-anos\/","title":{"rendered":"Nota Legal distribui menor valor de cr\u00e9ditos dos \u00faltimos 5 anos"},"content":{"rendered":"<h2>Em 2017, apenas R$ 66,81 milh\u00f5es foram resgatados, valor \u00e9 18,3% menor do que no ano passado<\/h2>\n<p>O programa Nota Legal teve o menor valor de resgate registrado nos \u00faltimos 5 anos. Na edi\u00e7\u00e3o de 2017, foram distribu\u00eddos apenas R$ 66,81 milh\u00f5es para os\u00a0Impostos sobre a Propriedade de Ve\u00edculos Automotores (IPVA) e Predial e Territorial Urbano (IPTU). No ano passado, foram R$ 81,8 milh\u00f5es. A queda foi de 18,3%. O n\u00famero de consumidores que usaram o desconto tamb\u00e9m caiu de 380.768 para 375.586.<\/p>\n<p>A redu\u00e7\u00e3o no valor a ser resgatado e na quantidade de consumidores que fizeram a indica\u00e7\u00e3o podem indicar que o programa passa por um descr\u00e9dito. A queda progressiva no desconto tem sido uma das principais cr\u00edticas dos consumidores. O programa existe desde 2010.<\/p>\n<p>A Secretaria de Fazenda do Distrito Federal (SEF-DF) informou que n\u00e3o acredita em desmotiva\u00e7\u00e3o dos consumidores com o programa. A pasta n\u00e3o consegue precisar um \u00fanico motivo que justifique a redu\u00e7\u00e3o no valor, mas entre as principais hip\u00f3teses est\u00e3o: o aumento da inadimpl\u00eancia dos contribuintes com tributos &#8211; uma das exig\u00eancias para o resgate &#8211; , a diminui\u00e7\u00e3o do consumo causada pela crise e o n\u00famero menor de pessoas pedindo nota fiscal.<\/p>\n<h3>Indica\u00e7\u00f5es em dinheiro<\/h3>\n<p>A maior parte dos cr\u00e9ditos de 2017 foi destinada para abatimento no IPVA. Ser\u00e3o distribu\u00eddos R$ 51.430.236,91 entre 256.442 ve\u00edculos. Para o IPTU, os resgates reduzir\u00e3o o tributo de 71.921 im\u00f3veis, em um total de R$ 15.382.061,55.<\/p>\n<p>Quem perdeu o prazo para abatimento no IPVA e no IPTU precisa aguardar o pr\u00f3ximo per\u00edodo, em 2018. Os cr\u00e9ditos podem ser acumulados por at\u00e9 dois anos. Al\u00e9m disso, quem n\u00e3o tem im\u00f3vel nem ve\u00edculo pode pedir o benef\u00edcio em dinheiro. Para isso, os contribuintes precisar\u00e3o informar uma conta banc\u00e1ria de 1\u00ba a 30 de junho.<\/p>\n<h4>Confira a redu\u00e7\u00e3o do total indicado ano a ano:<\/h4>\n<p>2010: R$\u00a0461.659,55<\/p>\n<p>2011: R$\u00a023.052.045,69<\/p>\n<p>2012: R$\u00a078.655.125,68<\/p>\n<p>2013: R$\u00a090.499.195,68<\/p>\n<p>2014: R$\u00a078.565.837,91<\/p>\n<p>2015: R$\u00a078.141.560,59<\/p>\n<p>2016: R$\u00a081.804.405,15<\/p>\n<p>2017: R$ 66.812.298,47<\/p>\n<p>&nbsp;<\/p>\n<p>&nbsp;<\/p>\n","protected":false},"excerpt":{"rendered":"<p>Em 2017, apenas R$ 66,81 milh\u00f5es foram resgatados, valor \u00e9 18,3% menor do que no ano passado O programa Nota Legal teve o menor valor de resgate registrado nos \u00faltimos 5 anos. Na edi\u00e7\u00e3o de 2017, foram distribu\u00eddos apenas R$ 66,81 milh\u00f5es para os\u00a0Impostos sobre a Propriedade de Ve\u00edculos Automotores (IPVA) e Predial e Territorial Urbano (IPTU). No ano passado, [&hellip;]<\/p>\n","protected":false},"author":28,"featured_media":1734,"comment_status":"open","ping_status":"closed","sticky":false,"template":"","format":"standard","meta":{"footnotes":""},"categories":[144],"tags":[29,108,30],"class_list":["post-1730","post","type-post","status-publish","format-standard","has-post-thumbnail","hentry","category-consumidor","tag-nota-legal","tag-queda","tag-secretaria-de-fazenda"],"_links":{"self":[{"href":"https:\/\/blogs.correiobraziliense.com.br\/consumidor\/wp-json\/wp\/v2\/posts\/1730","targetHints":{"allow":["GET"]}}],"collection":[{"href":"https:\/\/blogs.correiobraziliense.com.br\/consumidor\/wp-json\/wp\/v2\/posts"}],"about":[{"href":"https:\/\/blogs.correiobraziliense.com.br\/consumidor\/wp-json\/wp\/v2\/types\/post"}],"author":[{"embeddable":true,"href":"https:\/\/blogs.correiobraziliense.com.br\/consumidor\/wp-json\/wp\/v2\/users\/28"}],"replies":[{"embeddable":true,"href":"https:\/\/blogs.correiobraziliense.com.br\/consumidor\/wp-json\/wp\/v2\/comments?post=1730"}],"version-history":[{"count":6,"href":"https:\/\/blogs.correiobraziliense.com.br\/consumidor\/wp-json\/wp\/v2\/posts\/1730\/revisions"}],"predecessor-version":[{"id":1743,"href":"https:\/\/blogs.correiobraziliense.com.br\/consumidor\/wp-json\/wp\/v2\/posts\/1730\/revisions\/1743"}],"wp:featuredmedia":[{"embeddable":true,"href":"https:\/\/blogs.correiobraziliense.com.br\/consumidor\/wp-json\/wp\/v2\/media\/1734"}],"wp:attachment":[{"href":"https:\/\/blogs.correiobraziliense.com.br\/consumidor\/wp-json\/wp\/v2\/media?parent=1730"}],"wp:term":[{"taxonomy":"category","embeddable":true,"href":"https:\/\/blogs.correiobraziliense.com.br\/consumidor\/wp-json\/wp\/v2\/categories?post=1730"},{"taxonomy":"post_tag","embeddable":true,"href":"https:\/\/blogs.correiobraziliense.com.br\/consumidor\/wp-json\/wp\/v2\/tags?post=1730"}],"curies":[{"name":"wp","href":"https:\/\/api.w.org\/{rel}","templated":true}]}}