{"id":1695,"date":"2017-01-13T18:06:23","date_gmt":"2017-01-13T20:06:23","guid":{"rendered":"https:\/\/blogs.correiobraziliense.com.br\/consumidor\/?p=1695"},"modified":"2017-01-13T19:24:36","modified_gmt":"2017-01-13T21:24:36","slug":"entenda-como-vai-funcionar-o-racionamento-de-agua-no-distrito-federal","status":"publish","type":"post","link":"https:\/\/blogs.correiobraziliense.com.br\/consumidor\/entenda-como-vai-funcionar-o-racionamento-de-agua-no-distrito-federal\/","title":{"rendered":"Entenda como vai funcionar o racionamento de \u00e1gua no Distrito Federal"},"content":{"rendered":"<figure id=\"attachment_1457\" aria-describedby=\"caption-attachment-1457\" style=\"width: 639px\" class=\"wp-caption aligncenter\"><a href=\"https:\/\/blogs.correiobraziliense.com.br\/consumidor\/wp-content\/uploads\/sites\/11\/2016\/10\/CBPFOT131020161119.jpg\" rel=\"attachment wp-att-1457\"><img loading=\"lazy\" decoding=\"async\" class=\" wp-image-1457\" src=\"https:\/\/blogs.correiobraziliense.com.br\/consumidor\/wp-content\/uploads\/sites\/11\/2016\/10\/CBPFOT131020161119.jpg\" alt=\"Cr\u00e9dito: Helio Montferre\/Esp.CB\/D.A Press\" width=\"639\" height=\"424\" srcset=\"https:\/\/blogs.correiobraziliense.com.br\/consumidor\/wp-content\/uploads\/sites\/11\/2016\/10\/CBPFOT131020161119.jpg 800w, https:\/\/blogs.correiobraziliense.com.br\/consumidor\/wp-content\/uploads\/sites\/11\/2016\/10\/CBPFOT131020161119-300x199.jpg 300w, https:\/\/blogs.correiobraziliense.com.br\/consumidor\/wp-content\/uploads\/sites\/11\/2016\/10\/CBPFOT131020161119-768x510.jpg 768w, https:\/\/blogs.correiobraziliense.com.br\/consumidor\/wp-content\/uploads\/sites\/11\/2016\/10\/CBPFOT131020161119-350x232.jpg 350w, https:\/\/blogs.correiobraziliense.com.br\/consumidor\/wp-content\/uploads\/sites\/11\/2016\/10\/CBPFOT131020161119-550x365.jpg 550w, https:\/\/blogs.correiobraziliense.com.br\/consumidor\/wp-content\/uploads\/sites\/11\/2016\/10\/CBPFOT131020161119-230x153.jpg 230w\" sizes=\"auto, (max-width: 639px) 100vw, 639px\" \/><\/a><figcaption id=\"caption-attachment-1457\" class=\"wp-caption-text\">Cr\u00e9dito: Helio Montferre\/Esp.CB\/D.A Press<\/figcaption><\/figure>\n<p>A partir de segunda-feira (16\/1), 65% da popula\u00e7\u00e3o &#8211; 1,8 milh\u00e3o de habitantes &#8211; vai ficar sem \u00e1gua por 24 horas a cada seis dias. Ao todo, ser\u00e3o 15 regi\u00f5es administrativas afetadas pelo racionamento &#8211; todas elas abastecidas pelo rio Descoberto. As demais, como o Plano Piloto, lagos Norte e Sul, Itapo\u00e3 e Varj\u00e3o n\u00e3o participar\u00e3o do rod\u00edzio porque s\u00e3o atendidas pelo sistema Santa Maria\/Torto.<\/p>\n<p>A expectativa da Caesb \u00e9 uma economia de 10% a mais no consumo de \u00e1gua por conta do racionamento e, somando todas as medidas em vigor, a empresa espera 25% de redu\u00e7\u00e3o de consumo. N\u00e3o h\u00e1 prazo definido para o fim das restri\u00e7\u00f5es. O rod\u00edzio vai funcionar em um ciclo de seis dias, onde o morador fica 24 horas sem \u00e1gua. Em seguida, passa dois dias com o sistema inst\u00e1vel e mais tr\u00eas dias com o servi\u00e7o normalizado.<\/p>\n<h3>&gt;&gt; Confira um tira-d\u00favidas sobre como vai funcionar o primeiro racionamento de \u00e1gua do DF<\/h3>\n<p><strong>Quem ter\u00e1 que racionar \u00e1gua no Distrito Federal?<\/strong><\/p>\n<p>Moradores das 15 regi\u00f5es abastecidas pelo sistema Descoberto. S\u00e3o elas: \u00c1guas Claras, Ceil\u00e2ndia, Taguatinga, Vicente Pires, Arniqueiras, Riacho Fundo I e II, N\u00facleo Bandeirante, Candangol\u00e2ndia, Guar\u00e1, Samambaia, Recanto das Emas, Park Way, Gama, Areal e Santa Maria.<\/p>\n<p><strong>Por que terei que racionar \u00e1gua?<\/strong><\/p>\n<p>Desde novembro, a Ag\u00eancia Reguladora de \u00c1guas do DF (Adasa) autorizou a Caesb a fazer um plano de racionamento caso o volume dos reservat\u00f3rios ficassem abaixo de 20%. Nesta semana, a Barragem do Descoberto atingiu a marca de 18,69%. Para conter o rebaixamento, a Caesb colocou o plano em a\u00e7\u00e3o. A ideia \u00e9 economizar 10% de \u00e1gua com a medida.<\/p>\n<p><strong>Como vai funcionar o racionamento. Serei avisado com anteced\u00eancia?<\/strong><\/p>\n<p>A Caesb montou um calend\u00e1rio com as datas em que cada regi\u00e3o ficar\u00e1 sem \u00e1gua. As primeiras regi\u00f5es com corte de 24 horas do servi\u00e7o ser\u00e3o: Ceil\u00e2ndia Oeste, Recanto das Emas e Riacho Fundo II &#8211; que ficar\u00e3o sem \u00e1gua na segunda-feira (16\/1). Em seguida, ser\u00e1 a vez de Vicente Pires, Col\u00f4nia Agr\u00edcola Samambaia, Vila S\u00e3o Jos\u00e9, J\u00f3quei, Santa Maria, DVO, S\u00edtio do Gama, Polo JK e Residencial Santa Maria.<\/p>\n<p><strong>Por quanto tempo ficarei sem \u00e1gua?<\/strong><\/p>\n<p>O ciclo proposto pela Caesb dura seis dias. A interrup\u00e7\u00e3o dura 24h &#8211; das 8h \u00e0s 8h. Em seguida ao religamento, o consumidor pode ficar com o servi\u00e7o inst\u00e1vel por at\u00e9 48 horas. Depois, fica com \u00e1gua normal por 72 horas.<\/p>\n<p><strong>Continuo com a press\u00e3o das torneiras reduzidas das 7h \u00e0s 19h?<\/strong><\/p>\n<p>Sim. A redu\u00e7\u00e3o de press\u00e3o da \u00e1gua pelos canos n\u00e3o foi interrompida por causa do racionamento.<\/p>\n<p><strong>Continuo pagando tarifa extra para consumo acima de 10 mil litros mensais?<\/strong><\/p>\n<p>Sim. Todas as medidas de conten\u00e7\u00e3o de consumo continuam em vigor.<\/p>\n<p><strong>Por que as outras regi\u00f5es n\u00e3o ficar\u00e3o sem \u00e1gua?<br \/>\n<\/strong><br \/>\nO racionamento s\u00f3 \u00e9 v\u00e1lido para as regi\u00f5es abastecidas pelo Rio Descoberto &#8211; o que corresponde a 65% da popula\u00e7\u00e3o, 1,8 milh\u00e3o de pessoas.<\/p>\n<p><strong>Quanto tempo vai durar o racionamento?<\/strong><\/p>\n<p>Ainda n\u00e3o h\u00e1 prazo para o fim da medida. Vai depender da recupera\u00e7\u00e3o do manacial do Descoberto de modo que ele se recomponha para garantir o abastecimento no pr\u00f3ximo per\u00edodo de seca.<\/p>\n<p><strong>Como devo me preparar para o racionamento?<\/strong><\/p>\n<p>A Caesb indica encher reservat\u00f3rios como caixas d\u2019\u00e1gua.<\/p>\n<p><strong>Os servi\u00e7os p\u00fablicos funcionar\u00e3o nas regi\u00f5es sem \u00e1gua?<\/strong><\/p>\n<p>Sim. Hospitais, delegacias e escolas ser\u00e3o abastecidos por caminh\u00f5es-pipa.<\/p>\n","protected":false},"excerpt":{"rendered":"<p>A partir de segunda-feira (16\/1), 65% da popula\u00e7\u00e3o &#8211; 1,8 milh\u00e3o de habitantes &#8211; vai ficar sem \u00e1gua por 24 horas a cada seis dias. Ao todo, ser\u00e3o 15 regi\u00f5es administrativas afetadas pelo racionamento &#8211; todas elas abastecidas pelo rio Descoberto. As demais, como o Plano Piloto, lagos Norte e Sul, Itapo\u00e3 e Varj\u00e3o n\u00e3o participar\u00e3o do rod\u00edzio porque s\u00e3o [&hellip;]<\/p>\n","protected":false},"author":28,"featured_media":0,"comment_status":"open","ping_status":"closed","sticky":false,"template":"","format":"standard","meta":{"footnotes":""},"categories":[144],"tags":[],"class_list":["post-1695","post","type-post","status-publish","format-standard","hentry","category-consumidor"],"_links":{"self":[{"href":"https:\/\/blogs.correiobraziliense.com.br\/consumidor\/wp-json\/wp\/v2\/posts\/1695","targetHints":{"allow":["GET"]}}],"collection":[{"href":"https:\/\/blogs.correiobraziliense.com.br\/consumidor\/wp-json\/wp\/v2\/posts"}],"about":[{"href":"https:\/\/blogs.correiobraziliense.com.br\/consumidor\/wp-json\/wp\/v2\/types\/post"}],"author":[{"embeddable":true,"href":"https:\/\/blogs.correiobraziliense.com.br\/consumidor\/wp-json\/wp\/v2\/users\/28"}],"replies":[{"embeddable":true,"href":"https:\/\/blogs.correiobraziliense.com.br\/consumidor\/wp-json\/wp\/v2\/comments?post=1695"}],"version-history":[{"count":3,"href":"https:\/\/blogs.correiobraziliense.com.br\/consumidor\/wp-json\/wp\/v2\/posts\/1695\/revisions"}],"predecessor-version":[{"id":1698,"href":"https:\/\/blogs.correiobraziliense.com.br\/consumidor\/wp-json\/wp\/v2\/posts\/1695\/revisions\/1698"}],"wp:attachment":[{"href":"https:\/\/blogs.correiobraziliense.com.br\/consumidor\/wp-json\/wp\/v2\/media?parent=1695"}],"wp:term":[{"taxonomy":"category","embeddable":true,"href":"https:\/\/blogs.correiobraziliense.com.br\/consumidor\/wp-json\/wp\/v2\/categories?post=1695"},{"taxonomy":"post_tag","embeddable":true,"href":"https:\/\/blogs.correiobraziliense.com.br\/consumidor\/wp-json\/wp\/v2\/tags?post=1695"}],"curies":[{"name":"wp","href":"https:\/\/api.w.org\/{rel}","templated":true}]}}