{"id":1670,"date":"2017-01-12T10:18:37","date_gmt":"2017-01-12T12:18:37","guid":{"rendered":"https:\/\/blogs.correiobraziliense.com.br\/consumidor\/?p=1670"},"modified":"2017-01-12T12:04:46","modified_gmt":"2017-01-12T14:04:46","slug":"barragem-do-descoberto-registra-o-menor-volume-da-historia-1894","status":"publish","type":"post","link":"https:\/\/blogs.correiobraziliense.com.br\/consumidor\/barragem-do-descoberto-registra-o-menor-volume-da-historia-1894\/","title":{"rendered":"Sob intenso calor, Barragem do Descoberto registra o menor volume da hist\u00f3ria: 18,94%"},"content":{"rendered":"<h2>O baixo n\u00edvel pode acelerar plano de racionamento<\/h2>\n<p><em><br \/>\nPor Fl\u00e1via Maia e Priscilla Miranda, estagi\u00e1ria sob a supervis\u00e3o de Sibele Negromonte<\/em><\/p>\n<p>A Barragem do Descoberto atingiu na manh\u00e3 desta quinta-feira (12\/1) o menor \u00edndice da hist\u00f3ria: 18,94%, segundo as medi\u00e7\u00f5es feitas pela Ag\u00eancia Reguladora de \u00c1guas do Distrito Federal (Adasa). At\u00e9 ent\u00e3o, o volume mais baixo foi o de ontem (11\/1) &#8211; 19,2%. A preocupa\u00e7\u00e3o com o baixo volume deve-se ao fato de o\u00a0reservat\u00f3rio abastecer 65% da popula\u00e7\u00e3o da capital do pa\u00eds. A \u00faltima vez que a barragem chegou a ficar t\u00e3o baixa foi em\u00a019 de novembro de 2016 (19,3%). Embora tenha a autoriza\u00e7\u00e3o para implantar o plano de racionamento, a Companhia de Saneamento Ambiental (Caesb) informou que ainda n\u00e3o tem prazo para a execu\u00e7\u00e3o e que deve informar a popula\u00e7\u00e3o com anteced\u00eancia de tr\u00eas dias.<\/p>\n<p>O calor excessivo e as chuvas abaixo do esperado para o per\u00edodo contribuem de maneira sistem\u00e1tica para a queda do reservat\u00f3rio. Segundo informa\u00e7\u00f5es do Instituto Nacional de Meteorologia (Inmet), no \u00faltimo dia 9, foi registrada a terceira mais alta temperatura do DF nos primeiros 10 dias de janeiro desde o in\u00edcio da s\u00e9rie hist\u00f3rica, em 1969. Os term\u00f4metros chegaram a 32,2\u00baC. A meteorologista Ingrid Peixoto explica que a m\u00e9dia climatol\u00f3gica para este per\u00edodo do ano no DF \u00e9 de 26,9\u00b0C, mas, este ano, est\u00e1 em 30,9\u00b0C \u2014 o que significa um desvio de 4\u00baC.<\/p>\n<p>\u201cA associa\u00e7\u00e3o entre o calor e a umidade dispon\u00edvel na atmosfera favorecer\u00e1 a ocorr\u00eancia de pancadas de chuvas de forte intensidade e curta dura\u00e7\u00e3o para os pr\u00f3ximos dias (at\u00e9 19 de janeiro), com maior frequ\u00eancia entre a tarde e noite\u201d, explica Ingrid. A quantidade de chuvas nestes primeiros dias de 2017 foi de 19,9mm \u2014 menor que o mesmo per\u00edodo do ano passado, quando o volume de \u00e1gua chegou a 64,4mm. \u201cA chuva pode vir acompanhada de descargas el\u00e9tricas, rajadas de vento e queda de granizo. \u00c9 importante que o brasiliense acompanhe a previs\u00e3o di\u00e1ria e a emiss\u00e3o de sinais de alerta&#8221;, complementa.<\/p>\n<p>Com dias t\u00e3o quentes, a popula\u00e7\u00e3o est\u00e1 demandando mais \u00e1gua e, consequentemente, houve desacelera\u00e7\u00e3o da economia do l\u00edquido. Segundo dados da Caesb, a retirada de \u00e1gua da barragem estagnou em 4,4 mil litros por segundo desde o fim de 2016, o que significa uma redu\u00e7\u00e3o de 13,7% no consumo, quando a companhia esperava algo em torno de 15% a 20%. \u201cCom o calor, as pessoas demandam mais \u00e1gua e acabam economizando menos\u201d, explica Maur\u00edcio Luduvice, presidente da Caesb.<\/p>\n<p>Pr\u00f3ximo de casa, a \u00c1gua Mineral \u00e9 o lugar perfeito para Fatiana Sabino de Arruda, 37 anos, divertir-se com os filhos neste per\u00edodo de f\u00e9rias. Mas, como nem sempre pode sair com os pequenos, a comerciante busca outras alternativas para aliviar o calor e, ao mesmo tempo, economizar. \u201cAs crian\u00e7as querem tomar banho o tempo todo, ent\u00e3o eu coloco um balde ou uma bacia com \u00e1gua para eles brincarem e, com o que sobra, lavo a \u00e1rea externa da casa\u201d conta. Fatiana \u00e9 dona de um pet shop em Sobradinho e, no trabalho, tamb\u00e9m fez mudan\u00e7as. \u201cTrocamos a mangueira por uma ducha para diminuir a press\u00e3o e a quantidade de \u00e1gua gasta. Passamos a lavar a loja apenas no fim de semana e utilizando baldes.\u201d<\/p>\n<figure id=\"attachment_1674\" aria-describedby=\"caption-attachment-1674\" style=\"width: 592px\" class=\"wp-caption aligncenter\"><a href=\"https:\/\/blogs.correiobraziliense.com.br\/consumidor\/wp-content\/uploads\/sites\/11\/2017\/01\/CBPFOT110120171126.jpg\" rel=\"attachment wp-att-1674\"><img loading=\"lazy\" decoding=\"async\" class=\" wp-image-1674\" src=\"https:\/\/blogs.correiobraziliense.com.br\/consumidor\/wp-content\/uploads\/sites\/11\/2017\/01\/CBPFOT110120171126.jpg\" alt=\"Cr\u00e9dito: Minervino Junior\/CB\/D.A. Press. \" width=\"592\" height=\"393\" srcset=\"https:\/\/blogs.correiobraziliense.com.br\/consumidor\/wp-content\/uploads\/sites\/11\/2017\/01\/CBPFOT110120171126.jpg 800w, https:\/\/blogs.correiobraziliense.com.br\/consumidor\/wp-content\/uploads\/sites\/11\/2017\/01\/CBPFOT110120171126-300x199.jpg 300w, https:\/\/blogs.correiobraziliense.com.br\/consumidor\/wp-content\/uploads\/sites\/11\/2017\/01\/CBPFOT110120171126-768x510.jpg 768w, https:\/\/blogs.correiobraziliense.com.br\/consumidor\/wp-content\/uploads\/sites\/11\/2017\/01\/CBPFOT110120171126-350x232.jpg 350w, https:\/\/blogs.correiobraziliense.com.br\/consumidor\/wp-content\/uploads\/sites\/11\/2017\/01\/CBPFOT110120171126-550x365.jpg 550w, https:\/\/blogs.correiobraziliense.com.br\/consumidor\/wp-content\/uploads\/sites\/11\/2017\/01\/CBPFOT110120171126-230x153.jpg 230w\" sizes=\"auto, (max-width: 592px) 100vw, 592px\" \/><\/a><figcaption id=\"caption-attachment-1674\" class=\"wp-caption-text\">Cr\u00e9dito: Minervino Junior\/CB\/D.A. Press.<\/figcaption><\/figure>\n<p>Ontem, a \u00c1gua Mineral estava lotada de pessoas em busca de refresco para os dias quentes. A artes\u00e3 Evandirlei Celino de Sousa Oliveira, 55 anos, chegou cedo ao Parque Nacional, mas foi surpreendida. \u201cChegamos \u00e0s 6h30 e j\u00e1 tinha gente na nossa frente.\u201d conta. De acordo com a mulher, que fazia um passeio com as duas filhas e os tr\u00eas netos, essa foi a segunda tentativa de visita s\u00f3 esta semana. \u201cPor conta do calor, a gente tentou vir ontem, mas estava lotado\u201d, lamenta.<\/p>\n<h6>Medidas<\/h6>\n<p>O clima quente e seco tamb\u00e9m contribui para a evapora\u00e7\u00e3o mais significativa do espelho d\u2019\u00e1gua, o que ajuda a entender a queda no volume apresentada nos \u00faltimos dias no Descoberto. \u201cTemos ainda o fato de que muitos agricultores que usam a bacia fizeram as suas planta\u00e7\u00f5es contando com a chuva. Com a estiagem, a sa\u00edda foi usar a irriga\u00e7\u00e3o para n\u00e3o perder o plantio\u201d, explica Luduvice. A Secretaria de Agricultura, a Adasa e a Caesb estudam um plano de manejo na regi\u00e3o de modo a priorizar o abastecimento humano.<\/p>\n<p>A preocupa\u00e7\u00e3o com a estiagem que assola o DF levou o governador Rodrigo Rollemberg a se reunir ontem com integrantes do Inmet, da Adasa, da Caesb e da Secretaria de Agricultura para tentar entender o comportamento das chuvas na capital do pa\u00eds e os impactos da crise h\u00eddrica. As respostas da meteorologia s\u00e3o preocupantes: por dois anos consecutivos (2015 e 2016) o n\u00edvel de chuva foi abaixo da m\u00e9dia esperado. Entre as explica\u00e7\u00f5es est\u00e3o o aquecimento global e a massa de ar quente que se instalou sobre o DF desde 20 de dezembro de 2016.<\/p>\n<p>Mesmo com o cen\u00e1rio de baixa no reservat\u00f3rio, aumento das temperaturas e pouca perspectiva de chuva, a Caesb informou que ainda n\u00e3o tem plano de colocar o racionamento em execu\u00e7\u00e3o. \u201cEstamos fazendo uma s\u00e9rie de a\u00e7\u00f5es para evitar o racionamento porque ele mexe com o cotidiano do cidad\u00e3o e tem toda a quest\u00e3o operacional para a empresa\u201d, esclarece Luduvice.<\/p>\n<p>A Adasa informou que a Caesb est\u00e1 autorizada a implantar o racionamento e tem liberdade para atuar. Para controlar o consumo, as resolu\u00e7\u00f5es da Adasa continuam valendo, como a proibi\u00e7\u00e3o de novas outorgas, restri\u00e7\u00e3o de hor\u00e1rio para capta\u00e7\u00e3o de \u00e1gua por meio de caminh\u00f5es-pipa, redu\u00e7\u00e3o de vaz\u00e3o outorgada aos usu\u00e1rios de \u00e1gua subterr\u00e2nea, como lava a jatos e postos de combust\u00edveis do DF.<\/p>\n<p>A Caesb informou que est\u00e1 tomando medidas para amenizar a crise h\u00eddrica e que a escolha pelo plano de racionamento ser\u00e1 t\u00e9cnica. A empresa j\u00e1 gastou R$ 28 milh\u00f5es em investimentos, que foram acelerados para conter a falta de \u00e1gua. Al\u00e9m disso, mant\u00e9m outras pol\u00edticas para for\u00e7ar o contingenciamento do uso de \u00e1gua, como a tarifa extra para consumo acima de 10 mil litros por m\u00eas e a diminui\u00e7\u00e3o da press\u00e3o de \u00e1gua em 15 regi\u00f5es administrativas. A empresa tamb\u00e9m tem feito obras para reduzir as perdas do sistema e aumentar os pontos de capta\u00e7\u00e3o de \u00e1gua, de modo a depender menos do Descoberto.<\/p>\n<h6>Economia<\/h6>\n<figure id=\"attachment_1675\" aria-describedby=\"caption-attachment-1675\" style=\"width: 554px\" class=\"wp-caption alignright\"><a href=\"https:\/\/blogs.correiobraziliense.com.br\/consumidor\/wp-content\/uploads\/sites\/11\/2017\/01\/CBPFOT090120172493-1.jpg\" rel=\"attachment wp-att-1675\"><img loading=\"lazy\" decoding=\"async\" class=\" wp-image-1675\" src=\"https:\/\/blogs.correiobraziliense.com.br\/consumidor\/wp-content\/uploads\/sites\/11\/2017\/01\/CBPFOT090120172493-1.jpg\" alt=\"Cr\u00e9dito: Helio Montferre\/Esp.CB\/D.A. \" width=\"554\" height=\"368\" srcset=\"https:\/\/blogs.correiobraziliense.com.br\/consumidor\/wp-content\/uploads\/sites\/11\/2017\/01\/CBPFOT090120172493-1.jpg 800w, https:\/\/blogs.correiobraziliense.com.br\/consumidor\/wp-content\/uploads\/sites\/11\/2017\/01\/CBPFOT090120172493-1-300x199.jpg 300w, https:\/\/blogs.correiobraziliense.com.br\/consumidor\/wp-content\/uploads\/sites\/11\/2017\/01\/CBPFOT090120172493-1-768x510.jpg 768w, https:\/\/blogs.correiobraziliense.com.br\/consumidor\/wp-content\/uploads\/sites\/11\/2017\/01\/CBPFOT090120172493-1-350x232.jpg 350w, https:\/\/blogs.correiobraziliense.com.br\/consumidor\/wp-content\/uploads\/sites\/11\/2017\/01\/CBPFOT090120172493-1-550x365.jpg 550w, https:\/\/blogs.correiobraziliense.com.br\/consumidor\/wp-content\/uploads\/sites\/11\/2017\/01\/CBPFOT090120172493-1-230x153.jpg 230w\" sizes=\"auto, (max-width: 554px) 100vw, 554px\" \/><\/a><figcaption id=\"caption-attachment-1675\" class=\"wp-caption-text\">Cr\u00e9dito: Helio Montferre\/Esp.CB\/D.A.<\/figcaption><\/figure>\n<p>Sentindo na pele o calor e a falta d\u2019\u00e1gua, a popula\u00e7\u00e3o come\u00e7a a tomar as suas pr\u00f3prias atitudes para ajudar na crise. Na casa da aposentada Mariuza Teixeira de Macedo Ramos, 64, e do marido, Zelino Ramos, 64, a economia \u00e9 um fator importante. Zelino gosta de inventar engenhocas e, antes mesmo de a crise h\u00eddrica chegar ao DF, ele j\u00e1 guardava \u00e1gua da chuva em um reservat\u00f3rio subterr\u00e2neo. O morador do Cruzeiro Velho est\u00e1 preparando ainda um sistema de abastecimento que reciclar\u00e1 a \u00e1gua da m\u00e1quina de lavar e levar\u00e1 o recurso para tr\u00eas pontos da casa: banheiro, tanques e retornando para a pr\u00f3pria m\u00e1quina.<\/p>\n<p>O trabalho facilitar\u00e1 o que Mariuza j\u00e1 estava fazendo: a aposentada usava essa mesma \u00e1gua para limpar v\u00e1rios c\u00f4modos. \u201cToda a \u00e1gua utilizada para lavar roupa, eu reutilizo. Para enxaguar, eu ponho a primeira \u00e1gua, aquele que est\u00e1 com sab\u00e3o, e, logo depois, descarto. As outras eu junto e uso para lavar a frente e dentro da casa\u201d, explica. A economia h\u00eddrica influenciou diretamente no or\u00e7amento da fam\u00edlia. A conta chegou a diminuir entre 40% e 50%.<\/p>\n<p>Rod\u00edzio<\/p>\n<p>Com o racionamento, regi\u00f5es far\u00e3o rod\u00edzio de abastecimento, ou seja, uma \u00e1rea fica 72 horas com \u00e1gua e 24 horas, sem. Para bloquear a chegada de \u00e1gua, a Caesb precisa fechar as grandes tubula\u00e7\u00f5es que levam o l\u00edquido \u00e0s resid\u00eancias. Caminh\u00f5es-pipa far\u00e3o o abastecimento de pr\u00e9dios p\u00fablicos, como escolas e delegacias.<\/p>\n<p><strong>Para saber mais<\/strong><\/p>\n<p>DF n\u00e3o tem volume morto<\/p>\n<p>Se a crise h\u00eddrica se agravar, o Distrito Federal n\u00e3o pode contar com o volume morto dos reservat\u00f3rios, como ocorreu em S\u00e3o Paulo. Segundo informa\u00e7\u00f5es da Ag\u00eancia Reguladora de \u00c1guas (Adasa), a reserva existente na Barragem do Descoberto n\u00e3o seria suficiente para abastecer a capital do pa\u00eds nem por 30 dias, o que n\u00e3o justificaria os custos da obra para capta\u00e7\u00e3o. Para retirar o volume morto, \u00e9 preciso a instala\u00e7\u00e3o de bombas coletoras, porque n\u00e3o \u00e9 poss\u00edvel fazer a retirada por gravidade. Em Cantareira, o sistema custou R$ 120 milh\u00f5es e a obra demorou dois meses. No DF, n\u00e3o h\u00e1 previs\u00e3o de custos. Tamb\u00e9m n\u00e3o h\u00e1 hip\u00f3tese de utilizar a reserva do Santa Maria porque o reservat\u00f3rio est\u00e1 localizado em \u00e1rea de prote\u00e7\u00e3o ambiental.<\/p>\n<p><a href=\"http:\/\/especiais.correiobraziliense.com.br\/menos-agua-mais-consumo-a-conta-que-nao-fecha\">Leia especial sobre a crise h\u00eddrica no cerrado<\/a><\/p>\n","protected":false},"excerpt":{"rendered":"<p>O baixo n\u00edvel pode acelerar plano de racionamento Por Fl\u00e1via Maia e Priscilla Miranda, estagi\u00e1ria sob a supervis\u00e3o de Sibele Negromonte A Barragem do Descoberto atingiu na manh\u00e3 desta quinta-feira (12\/1) o menor \u00edndice da hist\u00f3ria: 18,94%, segundo as medi\u00e7\u00f5es feitas pela Ag\u00eancia Reguladora de \u00c1guas do Distrito Federal (Adasa). At\u00e9 ent\u00e3o, o volume mais baixo foi o de ontem [&hellip;]<\/p>\n","protected":false},"author":28,"featured_media":1671,"comment_status":"open","ping_status":"closed","sticky":false,"template":"","format":"standard","meta":{"footnotes":""},"categories":[144],"tags":[244,243,265,305],"class_list":["post-1670","post","type-post","status-publish","format-standard","has-post-thumbnail","hentry","category-consumidor","tag-caesb","tag-crise-hidrica","tag-descoberto","tag-racionamento"],"_links":{"self":[{"href":"https:\/\/blogs.correiobraziliense.com.br\/consumidor\/wp-json\/wp\/v2\/posts\/1670","targetHints":{"allow":["GET"]}}],"collection":[{"href":"https:\/\/blogs.correiobraziliense.com.br\/consumidor\/wp-json\/wp\/v2\/posts"}],"about":[{"href":"https:\/\/blogs.correiobraziliense.com.br\/consumidor\/wp-json\/wp\/v2\/types\/post"}],"author":[{"embeddable":true,"href":"https:\/\/blogs.correiobraziliense.com.br\/consumidor\/wp-json\/wp\/v2\/users\/28"}],"replies":[{"embeddable":true,"href":"https:\/\/blogs.correiobraziliense.com.br\/consumidor\/wp-json\/wp\/v2\/comments?post=1670"}],"version-history":[{"count":4,"href":"https:\/\/blogs.correiobraziliense.com.br\/consumidor\/wp-json\/wp\/v2\/posts\/1670\/revisions"}],"predecessor-version":[{"id":1677,"href":"https:\/\/blogs.correiobraziliense.com.br\/consumidor\/wp-json\/wp\/v2\/posts\/1670\/revisions\/1677"}],"wp:featuredmedia":[{"embeddable":true,"href":"https:\/\/blogs.correiobraziliense.com.br\/consumidor\/wp-json\/wp\/v2\/media\/1671"}],"wp:attachment":[{"href":"https:\/\/blogs.correiobraziliense.com.br\/consumidor\/wp-json\/wp\/v2\/media?parent=1670"}],"wp:term":[{"taxonomy":"category","embeddable":true,"href":"https:\/\/blogs.correiobraziliense.com.br\/consumidor\/wp-json\/wp\/v2\/categories?post=1670"},{"taxonomy":"post_tag","embeddable":true,"href":"https:\/\/blogs.correiobraziliense.com.br\/consumidor\/wp-json\/wp\/v2\/tags?post=1670"}],"curies":[{"name":"wp","href":"https:\/\/api.w.org\/{rel}","templated":true}]}}