{"id":167,"date":"2012-07-10T16:33:00","date_gmt":"2012-07-10T19:33:00","guid":{"rendered":"https:\/\/blogs.correiobraziliense.com.br\/consumidor\/agencia_nacional_de_saude_suspende_venda_de_268_planos_de_saude\/"},"modified":"2012-07-10T16:33:00","modified_gmt":"2012-07-10T19:33:00","slug":"agencia_nacional_de_saude_suspende_venda_de_268_planos_de_saude","status":"publish","type":"post","link":"https:\/\/blogs.correiobraziliense.com.br\/consumidor\/agencia_nacional_de_saude_suspende_venda_de_268_planos_de_saude\/","title":{"rendered":"Ag\u00eancia Nacional de Sa\u00fade suspende venda de 268 planos de sa\u00fade"},"content":{"rendered":"\n<p>A Ag\u00eancia Nacional de Sa\u00fade Suplementar (ANS) suspendeu hoje a  comercializa\u00e7\u00e3o de 268 planos de sa\u00fade de 37 operadoras por n\u00e3o terem  cumprido os prazos m\u00ednimos de atendimento. A proibi\u00e7\u00e3o da venda deve come\u00e7ar a valer na pr\u00f3xima sexta-feira, dia 13 de julho.  Clique <a href=\"http:\/\/stat.correioweb.com.br\/cbonline\/planosuspensos.pdf\">aqui <\/a>e confira a lista dos planos. Entre eles est\u00e3o a Unimed Bras\u00edlia e a Unimed Centro-Oeste e Tocantins.     <\/p>\n<p>Desde a semana passada, a ANS havia anunciado que cerca de 40 operadoras poderiam perder o direito de vender mais planos caso n\u00e3o se adequassem aos prazos estabelecidos&nbsp; para atendimento m\u00e9dico, realiza\u00e7\u00e3o de exames e interna\u00e7\u00f5es.&nbsp;           <\/p>\n<p>A medida n\u00e3o afeta os  benefici\u00e1rios desses planos, cerca de 3,5 milh\u00f5es de pessoas. A medida pro\u00edbe novas ades\u00f5es at\u00e9 que os planos se adequem.    <\/p>\n<p>A ANS recebeu em tr\u00eas  meses 4.682 queixas de usu\u00e1rios, por isso, decidiu avaliar a  possibilidade de suspens\u00e3o da comercializa\u00e7\u00e3o de 40 planos de sa\u00fade.  Isso porque esses 40 j\u00e1 foram notificados pelo \u00f3rg\u00e3o no \u00faltimo trimestre  e continuam desrespeitando o consumidor.          <\/p>\n<p> <br style=\"font-weight: bold\">   Multas           <\/p>\n<p> As operadoras de planos de sa\u00fade que n\u00e3o cumprem os prazos definidos   pela ANS est\u00e3o sujeitas a multas de R$ 80.000,00 ou de R$ 100.000,00,   para situa\u00e7\u00f5es de urg\u00eancia e emerg\u00eancia. E, em casos de descumprimentos   constantes, podem sofrer medidas administrativas, tais como a suspens\u00e3o   da comercializa\u00e7\u00e3o de parte ou da totalidade dos seus produtos e a   decreta\u00e7\u00e3o do regime especial de dire\u00e7\u00e3o t\u00e9cnica, inclusive com a   possibilidade de afastamento dos dirigentes da empresa.          <\/p>\n<p>   Fique de olho           <\/p>\n<p> Ap\u00f3s tentar agendar o atendimento com os profissionais ou   estabelecimentos de sa\u00fade credenciados pelo plano e n\u00e3o conseguir dentro   do prazo m\u00e1ximo previsto, o benefici\u00e1rio deve entrar em contato com a   operadora do plano para obter uma alternativa para o atendimento   solicitado. Neste contato, o consumidor n\u00e3o deve esquecer de anotar o   n\u00famero de protocolo, que servir\u00e1 como comprovante da solicita\u00e7\u00e3o feita.          <\/p>\n<p> Se a operadora n\u00e3o oferecer solu\u00e7\u00e3o para o caso, o benefici\u00e1rio  dever\u00e1,  tendo em m\u00e3os o n\u00famero do protocolo, fazer a den\u00fancia \u00e0 ANS por  meio  de um dos canais de atendimento: Disque ANS (0800 701 9656),  Central de  Relacionamento no s\u00edtio da Ag\u00eancia ( <a href=\"http:\/\/www.ans.gov.br\">  www.ans.gov.br <\/a> ) ou ainda, presencialmente, em um dos 12 N\u00facleos da ANS nas principais capitais brasileiras. Veja os endere\u00e7os: <a href=\"http:\/\/www.ans.gov.br\/index.php\/aans\/nossos-enderecos\">  http:\/\/www.ans.gov.br\/index.php\/aans\/nossos-enderecos <\/a> .          <\/p>\n","protected":false},"excerpt":{"rendered":"<p>A Ag\u00eancia Nacional de Sa\u00fade Suplementar (ANS) suspendeu hoje a comercializa\u00e7\u00e3o de 268 planos de sa\u00fade de 37 operadoras por n\u00e3o terem cumprido os prazos m\u00ednimos de atendimento. A proibi\u00e7\u00e3o da venda deve come\u00e7ar a valer na pr\u00f3xima sexta-feira, dia 13 de julho. Clique aqui e confira a lista dos planos. Entre eles est\u00e3o a Unimed Bras\u00edlia e a Unimed [&hellip;]<\/p>\n","protected":false},"author":28,"featured_media":0,"comment_status":"open","ping_status":"open","sticky":false,"template":"","format":"standard","meta":{"footnotes":""},"categories":[1],"tags":[],"class_list":["post-167","post","type-post","status-publish","format-standard","hentry","category-sem-categoria"],"_links":{"self":[{"href":"https:\/\/blogs.correiobraziliense.com.br\/consumidor\/wp-json\/wp\/v2\/posts\/167","targetHints":{"allow":["GET"]}}],"collection":[{"href":"https:\/\/blogs.correiobraziliense.com.br\/consumidor\/wp-json\/wp\/v2\/posts"}],"about":[{"href":"https:\/\/blogs.correiobraziliense.com.br\/consumidor\/wp-json\/wp\/v2\/types\/post"}],"author":[{"embeddable":true,"href":"https:\/\/blogs.correiobraziliense.com.br\/consumidor\/wp-json\/wp\/v2\/users\/28"}],"replies":[{"embeddable":true,"href":"https:\/\/blogs.correiobraziliense.com.br\/consumidor\/wp-json\/wp\/v2\/comments?post=167"}],"version-history":[{"count":0,"href":"https:\/\/blogs.correiobraziliense.com.br\/consumidor\/wp-json\/wp\/v2\/posts\/167\/revisions"}],"wp:attachment":[{"href":"https:\/\/blogs.correiobraziliense.com.br\/consumidor\/wp-json\/wp\/v2\/media?parent=167"}],"wp:term":[{"taxonomy":"category","embeddable":true,"href":"https:\/\/blogs.correiobraziliense.com.br\/consumidor\/wp-json\/wp\/v2\/categories?post=167"},{"taxonomy":"post_tag","embeddable":true,"href":"https:\/\/blogs.correiobraziliense.com.br\/consumidor\/wp-json\/wp\/v2\/tags?post=167"}],"curies":[{"name":"wp","href":"https:\/\/api.w.org\/{rel}","templated":true}]}}