{"id":1665,"date":"2017-01-11T14:40:14","date_gmt":"2017-01-11T16:40:14","guid":{"rendered":"https:\/\/blogs.correiobraziliense.com.br\/consumidor\/?p=1665"},"modified":"2017-01-11T14:40:14","modified_gmt":"2017-01-11T16:40:14","slug":"tarifa-media-do-transporte-coletivo-de-brasilia-e-11o-mais-cara-do-pais","status":"publish","type":"post","link":"https:\/\/blogs.correiobraziliense.com.br\/consumidor\/tarifa-media-do-transporte-coletivo-de-brasilia-e-11o-mais-cara-do-pais\/","title":{"rendered":"Tarifa m\u00e9dia do transporte coletivo de Bras\u00edlia \u00e9 a 11\u00ba mais cara do pa\u00eds"},"content":{"rendered":"<p>Com o aumento dos pre\u00e7os das tarifas anunciado pelo governador Rodrigo Rollemberg no \u00faltimo dia 30 de dezembro, Bras\u00edlia passa a ocupar a 11\u00aa posi\u00e7\u00e3o em rela\u00e7\u00e3o \u00e0 cobran\u00e7a m\u00e9dia de tarifa na compara\u00e7\u00e3o com as outras capitais, segundo levantamento feito pela Transporte Integrados do DF &#8211; associa\u00e7\u00e3o das empresas de \u00f4nibus &#8211; e Secretaria de Mobilidade do Distrito Federal. Antes do reajuste, Bras\u00edlia ocupava o 20\u00ba lugar entre as 27 capitais brasileiras. Em rela\u00e7\u00e3o\u00a0\u00e0s tarifas metropolitanas, Bras\u00edlia tem a 3\u00aa mais cara, no valor de R$ 5.<\/p>\n<p>Segue a lista com o pre\u00e7o m\u00e9dio das passagens:<\/p>\n<p>1\u00ba Belo Horizonte (MG) &#8211; R$ 4,05<\/p>\n<p>2\u00ba Florian\u00f3polis (SC) &#8211; R$ 3,90<\/p>\n<p>3\u00ba Rio de Janeiro (RJ) &#8211; R$ 3,80<\/p>\n<p>4\u00ba S\u00e3o Paulo (SP) &#8211; R$ 3,80<\/p>\n<p>5\u00ba Porto Alegre (RS)- R$ 3,75<\/p>\n<p>6\u00ba Curitiba (PR)- R$ 3,70<\/p>\n<p>7\u00ba Goi\u00e2nia (GO) &#8211; R$ 3,70<\/p>\n<p>8\u00ba Cuiab\u00e1 (MT) &#8211; R$ 3,60<\/p>\n<p>9\u00ba Salvador (BA) &#8211; R$ 3,60<\/p>\n<p>10\u00ba Campo Grande (MS) &#8211; R$ 3,55<\/p>\n<p>11\u00ba Bras\u00edlia (DF) &#8211; R$ 3,50<\/p>\n<p>12\u00ba Teresina (PI) &#8211; R$ 3,30<\/p>\n<p>13\u00ba Macei\u00f3 (AL) &#8211; R$ 3,15<\/p>\n<p>14\u00ba Aracaju (SE) &#8211; R$ 3,10<\/p>\n<p>15\u00ba Boa Vista (RR) &#8211; R$ 3,10<\/p>\n<p>16\u00ba Jo\u00e3o Pessoa (PB)- R$ 3<\/p>\n<p>17\u00ba Manaus (AM) &#8211; R$ 3<\/p>\n<p>18\u00ba Palmas (TO) &#8211; R$ 3<\/p>\n<p>19\u00ba Porto Velho (RO) &#8211; R$ 3<\/p>\n<p>20\u00ba Rio Branco (AC) &#8211; R$ 3<\/p>\n<p>21\u00ba Natal (RN) &#8211; R$ 2,90<\/p>\n<p>22\u00ba S\u00e3o Lu\u00eds (MA) &#8211; R$ 2,90<\/p>\n<p>&nbsp;<\/p>\n","protected":false},"excerpt":{"rendered":"<p>Com o aumento dos pre\u00e7os das tarifas anunciado pelo governador Rodrigo Rollemberg no \u00faltimo dia 30 de dezembro, Bras\u00edlia passa a ocupar a 11\u00aa posi\u00e7\u00e3o em rela\u00e7\u00e3o \u00e0 cobran\u00e7a m\u00e9dia de tarifa na compara\u00e7\u00e3o com as outras capitais, segundo levantamento feito pela Transporte Integrados do DF &#8211; associa\u00e7\u00e3o das empresas de \u00f4nibus &#8211; e Secretaria de Mobilidade do Distrito Federal. [&hellip;]<\/p>\n","protected":false},"author":28,"featured_media":1666,"comment_status":"open","ping_status":"closed","sticky":false,"template":"","format":"standard","meta":{"footnotes":""},"categories":[144],"tags":[],"class_list":["post-1665","post","type-post","status-publish","format-standard","has-post-thumbnail","hentry","category-consumidor"],"_links":{"self":[{"href":"https:\/\/blogs.correiobraziliense.com.br\/consumidor\/wp-json\/wp\/v2\/posts\/1665","targetHints":{"allow":["GET"]}}],"collection":[{"href":"https:\/\/blogs.correiobraziliense.com.br\/consumidor\/wp-json\/wp\/v2\/posts"}],"about":[{"href":"https:\/\/blogs.correiobraziliense.com.br\/consumidor\/wp-json\/wp\/v2\/types\/post"}],"author":[{"embeddable":true,"href":"https:\/\/blogs.correiobraziliense.com.br\/consumidor\/wp-json\/wp\/v2\/users\/28"}],"replies":[{"embeddable":true,"href":"https:\/\/blogs.correiobraziliense.com.br\/consumidor\/wp-json\/wp\/v2\/comments?post=1665"}],"version-history":[{"count":1,"href":"https:\/\/blogs.correiobraziliense.com.br\/consumidor\/wp-json\/wp\/v2\/posts\/1665\/revisions"}],"predecessor-version":[{"id":1667,"href":"https:\/\/blogs.correiobraziliense.com.br\/consumidor\/wp-json\/wp\/v2\/posts\/1665\/revisions\/1667"}],"wp:featuredmedia":[{"embeddable":true,"href":"https:\/\/blogs.correiobraziliense.com.br\/consumidor\/wp-json\/wp\/v2\/media\/1666"}],"wp:attachment":[{"href":"https:\/\/blogs.correiobraziliense.com.br\/consumidor\/wp-json\/wp\/v2\/media?parent=1665"}],"wp:term":[{"taxonomy":"category","embeddable":true,"href":"https:\/\/blogs.correiobraziliense.com.br\/consumidor\/wp-json\/wp\/v2\/categories?post=1665"},{"taxonomy":"post_tag","embeddable":true,"href":"https:\/\/blogs.correiobraziliense.com.br\/consumidor\/wp-json\/wp\/v2\/tags?post=1665"}],"curies":[{"name":"wp","href":"https:\/\/api.w.org\/{rel}","templated":true}]}}