{"id":1628,"date":"2016-12-01T12:07:54","date_gmt":"2016-12-01T14:07:54","guid":{"rendered":"https:\/\/blogs.correiobraziliense.com.br\/consumidor\/?p=1628"},"modified":"2016-12-01T17:38:00","modified_gmt":"2016-12-01T19:38:00","slug":"adidas-foi-empresa-mais-reclamada-na-black-friday-segundo-procon-sp","status":"publish","type":"post","link":"https:\/\/blogs.correiobraziliense.com.br\/consumidor\/adidas-foi-empresa-mais-reclamada-na-black-friday-segundo-procon-sp\/","title":{"rendered":"Adidas foi a empresa mais reclamada na Black Friday, segundo Procon-SP"},"content":{"rendered":"<p>O Procon de S\u00e3o Paulo divulgou nesta quinta-feira (01\u00b0\/12) a lista das empresas mais reclamadas durante a Black Friday, realizada no \u00faltimo dia 25. De acordo com a funda\u00e7\u00e3o, foram recebidas 1.198 reclama\u00e7\u00f5es, o que significa um aumento de 1,18% em rela\u00e7\u00e3o \u00e0 edi\u00e7\u00e3o de 2015.<\/p>\n<p>A l\u00edder de queixas foi a Adidas com 284 reclama\u00e7\u00f5es. Durante o evento, a empresa teve mais de seis mil cancelamentos de compras alegando problemas no site. O Procon-SP ir\u00e1 chamar a companhia para pedir solu\u00e7\u00e3o dos problemas detectados, ou seja, cumprimento da oferta nos casos de: n\u00e3o entrega, ou cancelamento da venda e, ainda, a mudan\u00e7a de pre\u00e7o para maior na finaliza\u00e7\u00e3o da compra.<\/p>\n<p>Em seguida no <a href=\"http:\/\/www.procon.sp.gov.br\/pdf\/Dados%20-%20Black%20Friday%20-%202016_11_29%20-%2014h00.pdf\" target=\"_blank\">ranking <\/a>das empresas mais reclamadas segue o Grupo P\u00e3o de A\u00e7\u00facar (que abrange as lojas do Extra, pontofrio.com, casasbahia.com, Casas Bahia e Ponto Frio), e a B2W (americanas.com, Submarino, Shoptime, Sou Barato e Lojas Americanas). Em 2015, a B2W foi a mais reclamada, seguida pelo Grupo P\u00e3o de A\u00e7\u00facar.<\/p>\n<p>&nbsp;<\/p>\n<p>&nbsp;<\/p>\n<p>&nbsp;<\/p>\n","protected":false},"excerpt":{"rendered":"<p>O Procon de S\u00e3o Paulo divulgou nesta quinta-feira (01\u00b0\/12) a lista das empresas mais reclamadas durante a Black Friday, realizada no \u00faltimo dia 25. De acordo com a funda\u00e7\u00e3o, foram recebidas 1.198 reclama\u00e7\u00f5es, o que significa um aumento de 1,18% em rela\u00e7\u00e3o \u00e0 edi\u00e7\u00e3o de 2015. A l\u00edder de queixas foi a Adidas com 284 reclama\u00e7\u00f5es. Durante o evento, a [&hellip;]<\/p>\n","protected":false},"author":28,"featured_media":0,"comment_status":"open","ping_status":"closed","sticky":false,"template":"","format":"standard","meta":{"footnotes":""},"categories":[144],"tags":[294,295,255,296,15],"class_list":["post-1628","post","type-post","status-publish","format-standard","hentry","category-consumidor","tag-adidas","tag-b2w","tag-black-friday","tag-pao-de-acucar","tag-procon"],"_links":{"self":[{"href":"https:\/\/blogs.correiobraziliense.com.br\/consumidor\/wp-json\/wp\/v2\/posts\/1628","targetHints":{"allow":["GET"]}}],"collection":[{"href":"https:\/\/blogs.correiobraziliense.com.br\/consumidor\/wp-json\/wp\/v2\/posts"}],"about":[{"href":"https:\/\/blogs.correiobraziliense.com.br\/consumidor\/wp-json\/wp\/v2\/types\/post"}],"author":[{"embeddable":true,"href":"https:\/\/blogs.correiobraziliense.com.br\/consumidor\/wp-json\/wp\/v2\/users\/28"}],"replies":[{"embeddable":true,"href":"https:\/\/blogs.correiobraziliense.com.br\/consumidor\/wp-json\/wp\/v2\/comments?post=1628"}],"version-history":[{"count":2,"href":"https:\/\/blogs.correiobraziliense.com.br\/consumidor\/wp-json\/wp\/v2\/posts\/1628\/revisions"}],"predecessor-version":[{"id":1630,"href":"https:\/\/blogs.correiobraziliense.com.br\/consumidor\/wp-json\/wp\/v2\/posts\/1628\/revisions\/1630"}],"wp:attachment":[{"href":"https:\/\/blogs.correiobraziliense.com.br\/consumidor\/wp-json\/wp\/v2\/media?parent=1628"}],"wp:term":[{"taxonomy":"category","embeddable":true,"href":"https:\/\/blogs.correiobraziliense.com.br\/consumidor\/wp-json\/wp\/v2\/categories?post=1628"},{"taxonomy":"post_tag","embeddable":true,"href":"https:\/\/blogs.correiobraziliense.com.br\/consumidor\/wp-json\/wp\/v2\/tags?post=1628"}],"curies":[{"name":"wp","href":"https:\/\/api.w.org\/{rel}","templated":true}]}}