{"id":1624,"date":"2016-11-30T16:13:09","date_gmt":"2016-11-30T18:13:09","guid":{"rendered":"https:\/\/blogs.correiobraziliense.com.br\/consumidor\/?p=1624"},"modified":"2016-12-01T12:14:32","modified_gmt":"2016-12-01T14:14:32","slug":"refis-e-prorrogado-novamente-novo-prazo-vai-ate-16-dezembro-de-2016","status":"publish","type":"post","link":"https:\/\/blogs.correiobraziliense.com.br\/consumidor\/refis-e-prorrogado-novamente-novo-prazo-vai-ate-16-dezembro-de-2016\/","title":{"rendered":"Refis \u00e9 prorrogado novamente; novo prazo vai at\u00e9 16 dezembro de 2016"},"content":{"rendered":"<p>No intuito de refor\u00e7ar o caixa do Distrito Federal, o Executivo conseguiu aprova\u00e7\u00e3o da C\u00e2mara Legislativa para estender at\u00e9 o pr\u00f3ximo dia 16\/12 a data de ades\u00e3o ao Programa de Incentivo \u00e0 Regulariza\u00e7\u00e3o Fiscal do DF (Refis-DF). O prazo venceria na \u00faltima ter\u00e7a-feira (29\/11). Dessa forma, pessoas f\u00edsicas e empresas inscritas na\u00a0d\u00edvida ativa at\u00e9 dezembro de 2015 ainda podem participar do programa da Secretaria de Fazenda, tendo\u00a0redu\u00e7\u00e3o de at\u00e9 99% nos juros e\u00a0nas\u00a0multas advindas de d\u00e9bitos tribut\u00e1rios.<\/p>\n<p>Entre os tributos que podem ser renegociados est\u00e3o: os impostos Predial e Territorial Urbano (IPTU), sobre a Propriedade de Ve\u00edculos Automotores (IPVA), sobre a Transmiss\u00e3o Causa Mortis (ITCD), sobre a Transmiss\u00e3o de Bens Im\u00f3veis (ITBI), sobre a Circula\u00e7\u00e3o de Mercadorias (ICMS) e sobre Servi\u00e7os de Qualquer Natureza (ISS).<\/p>\n<p><strong>Como fazer<\/strong><\/p>\n<p>Todo o procedimento pode ser realizado diretamente pelo<a href=\"http:\/\/www.fazenda.df.gov.br\/\" target=\"_blank\"> portal <\/a>da Secretaria da Fazenda. A\u00a0primeira etapa do Refis terminou em junho. Com a prorroga\u00e7\u00e3o do incentivo, aprovada pela C\u00e2mara Legislativa, os contribuintes do DF ganharam uma segunda chance de refinanciar as d\u00edvidas, a partir de 1\u00ba de outubro. Esta \u00e9, portanto, a terceira chance de aderir ao programa.<\/p>\n<p>&nbsp;<\/p>\n","protected":false},"excerpt":{"rendered":"<p>No intuito de refor\u00e7ar o caixa do Distrito Federal, o Executivo conseguiu aprova\u00e7\u00e3o da C\u00e2mara Legislativa para estender at\u00e9 o pr\u00f3ximo dia 16\/12 a data de ades\u00e3o ao Programa de Incentivo \u00e0 Regulariza\u00e7\u00e3o Fiscal do DF (Refis-DF). O prazo venceria na \u00faltima ter\u00e7a-feira (29\/11). Dessa forma, pessoas f\u00edsicas e empresas inscritas na\u00a0d\u00edvida ativa at\u00e9 dezembro de 2015 ainda podem participar [&hellip;]<\/p>\n","protected":false},"author":28,"featured_media":0,"comment_status":"open","ping_status":"closed","sticky":false,"template":"","format":"standard","meta":{"footnotes":""},"categories":[144],"tags":[],"class_list":["post-1624","post","type-post","status-publish","format-standard","hentry","category-consumidor"],"_links":{"self":[{"href":"https:\/\/blogs.correiobraziliense.com.br\/consumidor\/wp-json\/wp\/v2\/posts\/1624","targetHints":{"allow":["GET"]}}],"collection":[{"href":"https:\/\/blogs.correiobraziliense.com.br\/consumidor\/wp-json\/wp\/v2\/posts"}],"about":[{"href":"https:\/\/blogs.correiobraziliense.com.br\/consumidor\/wp-json\/wp\/v2\/types\/post"}],"author":[{"embeddable":true,"href":"https:\/\/blogs.correiobraziliense.com.br\/consumidor\/wp-json\/wp\/v2\/users\/28"}],"replies":[{"embeddable":true,"href":"https:\/\/blogs.correiobraziliense.com.br\/consumidor\/wp-json\/wp\/v2\/comments?post=1624"}],"version-history":[{"count":1,"href":"https:\/\/blogs.correiobraziliense.com.br\/consumidor\/wp-json\/wp\/v2\/posts\/1624\/revisions"}],"predecessor-version":[{"id":1625,"href":"https:\/\/blogs.correiobraziliense.com.br\/consumidor\/wp-json\/wp\/v2\/posts\/1624\/revisions\/1625"}],"wp:attachment":[{"href":"https:\/\/blogs.correiobraziliense.com.br\/consumidor\/wp-json\/wp\/v2\/media?parent=1624"}],"wp:term":[{"taxonomy":"category","embeddable":true,"href":"https:\/\/blogs.correiobraziliense.com.br\/consumidor\/wp-json\/wp\/v2\/categories?post=1624"},{"taxonomy":"post_tag","embeddable":true,"href":"https:\/\/blogs.correiobraziliense.com.br\/consumidor\/wp-json\/wp\/v2\/tags?post=1624"}],"curies":[{"name":"wp","href":"https:\/\/api.w.org\/{rel}","templated":true}]}}