{"id":1611,"date":"2016-11-29T15:44:58","date_gmt":"2016-11-29T17:44:58","guid":{"rendered":"https:\/\/blogs.correiobraziliense.com.br\/consumidor\/?p=1611"},"modified":"2016-11-29T15:56:35","modified_gmt":"2016-11-29T17:56:35","slug":"familia-come-molho-de-tomate-passa-mal-e-descobre-massa-preta-dentro-da-embalagem","status":"publish","type":"post","link":"https:\/\/blogs.correiobraziliense.com.br\/consumidor\/familia-come-molho-de-tomate-passa-mal-e-descobre-massa-preta-dentro-da-embalagem\/","title":{"rendered":"Fam\u00edlia come molho de tomate, passa mal e descobre massa preta dentro da embalagem\u00a0"},"content":{"rendered":"<p><em>Por Amanda Ferreira<br \/>\n<\/em><\/p>\n<figure id=\"attachment_1612\" aria-describedby=\"caption-attachment-1612\" style=\"width: 194px\" class=\"wp-caption alignright\"><a href=\"https:\/\/blogs.correiobraziliense.com.br\/consumidor\/wp-content\/uploads\/sites\/11\/2016\/11\/massa-preta-no-molho-de-tomate.jpg\" rel=\"attachment wp-att-1612\"><img loading=\"lazy\" decoding=\"async\" class=\" wp-image-1612\" src=\"https:\/\/blogs.correiobraziliense.com.br\/consumidor\/wp-content\/uploads\/sites\/11\/2016\/11\/massa-preta-no-molho-de-tomate.jpg\" alt=\"Cr\u00e9dito: Rosimere Alves\/Divulga\u00e7\u00e3o\" width=\"194\" height=\"345\" srcset=\"https:\/\/blogs.correiobraziliense.com.br\/consumidor\/wp-content\/uploads\/sites\/11\/2016\/11\/massa-preta-no-molho-de-tomate.jpg 720w, https:\/\/blogs.correiobraziliense.com.br\/consumidor\/wp-content\/uploads\/sites\/11\/2016\/11\/massa-preta-no-molho-de-tomate-169x300.jpg 169w, https:\/\/blogs.correiobraziliense.com.br\/consumidor\/wp-content\/uploads\/sites\/11\/2016\/11\/massa-preta-no-molho-de-tomate-576x1024.jpg 576w, https:\/\/blogs.correiobraziliense.com.br\/consumidor\/wp-content\/uploads\/sites\/11\/2016\/11\/massa-preta-no-molho-de-tomate-197x350.jpg 197w, https:\/\/blogs.correiobraziliense.com.br\/consumidor\/wp-content\/uploads\/sites\/11\/2016\/11\/massa-preta-no-molho-de-tomate-550x978.jpg 550w, https:\/\/blogs.correiobraziliense.com.br\/consumidor\/wp-content\/uploads\/sites\/11\/2016\/11\/massa-preta-no-molho-de-tomate-230x409.jpg 230w\" sizes=\"auto, (max-width: 194px) 100vw, 194px\" \/><\/a><figcaption id=\"caption-attachment-1612\" class=\"wp-caption-text\">Cr\u00e9dito: Rosimere Alves\/Divulga\u00e7\u00e3o<\/figcaption><\/figure>\n<p>A consumidora Rosimere Alves, moradora de Ceil\u00e2ndia (DF), denuncia ao Grita do Consumidor que encontrou uma surpresa no molho de tomate da marca Primor. Ela conta que comprou o produto da marca devidamente lacrado e no prazo de validade. O produto de lote 3350458 e validade para 8 de mar\u00e7o de 2018 surpreendeu Rosimere quanto \u00e0 qualidade. \u201cComprei o molho de tomate de saquinho, como de costume. Estava tudo certo com o produto, aparentemente. Costumo fazer um pequeno furo na ponta e colocar nos alimentos aos poucos. Quando fui usar, notei que havia alguma coisa estranha no pacote e decidi abrir para conferir. O que eu vi foi uma grande massa preta, algo que nunca tinha visto antes. Eu e minha fam\u00edlia consumimos o produto e todos passamos mal. \u00c9 um descaso com o consumidor e quero entender o que houve\u201d, afirma. Rosimere diz ter entrado em contato com a empresa, que ficou de dar um retorno \u00e0 consumidora, mas a situa\u00e7\u00e3o n\u00e3o foi resolvida at\u00e9 o momento.<\/p>\n<p><strong>Resposta da empresa<\/strong><\/p>\n<p><em>&#8220;A Casa do Consumidor (SAC) da marca Primor recebeu reclama\u00e7\u00e3o da consumidora pelo Facebook e, em 24 de novembro, conseguiu contato com a consumidora. No momento desse contato, foi acordado que no dia 29 deste m\u00eas a empresa retirar\u00e1 a amostra do produto para an\u00e1lise em laborat\u00f3rio externo, assegurando a neutralidade ao resultado. Ao realizar an\u00e1lise apenas do relato da consumidora, a empresa considera prov\u00e1vel que o corpo estranho encontrado por ela seja um fungo desenvolvido a partir da entrada de ar na embalagem. Durante o transporte ou armazenamento no ponto de venda, podem ocorrer furos ou pequenas fissuras, gerando contato do produto com o ambiente externo. Entretanto, a Primor informa que a confirma\u00e7\u00e3o do ocorrido s\u00f3 pode ser realizada via an\u00e1lise laboratorial, o que ser\u00e1 feito t\u00e3o logo a amostra do produto seja entregue pela consumidora. A empresa refor\u00e7a que tem todo interesse em esclarecer a quest\u00e3o, por isso recolher\u00e1 o produto em at\u00e9 48 horas. A Casa do Consumidor da marca Primor continua \u00e0 disposi\u00e7\u00e3o da consumidora pelo telefone 0800 727 5544 e por WhatsApp no n\u00famero (11) 99324-2957, de segunda a sexta, das 8h \u00e0s 20h.&#8221;<\/em><\/p>\n<p><strong>Coment\u00e1rio da leitora:<\/strong><\/p>\n<p>&#8220;A empresa realmente me ligou e disse que resolveria o problema&#8221;<\/p>\n<p><strong>Teve problemas com a empresa? Denuncie:\u00a0<\/strong><\/p>\n<p><a href=\"https:\/\/blogs.correiobraziliense.com.br\/consumidor\/wp-content\/uploads\/sites\/11\/2016\/11\/Celular.jpg\" rel=\"attachment wp-att-1613\"><img loading=\"lazy\" decoding=\"async\" class=\"alignnone wp-image-1613\" src=\"https:\/\/blogs.correiobraziliense.com.br\/consumidor\/wp-content\/uploads\/sites\/11\/2016\/11\/Celular.jpg\" alt=\"Celular\" width=\"271\" height=\"101\" srcset=\"https:\/\/blogs.correiobraziliense.com.br\/consumidor\/wp-content\/uploads\/sites\/11\/2016\/11\/Celular.jpg 360w, https:\/\/blogs.correiobraziliense.com.br\/consumidor\/wp-content\/uploads\/sites\/11\/2016\/11\/Celular-300x112.jpg 300w, https:\/\/blogs.correiobraziliense.com.br\/consumidor\/wp-content\/uploads\/sites\/11\/2016\/11\/Celular-350x130.jpg 350w, https:\/\/blogs.correiobraziliense.com.br\/consumidor\/wp-content\/uploads\/sites\/11\/2016\/11\/Celular-230x86.jpg 230w\" sizes=\"auto, (max-width: 271px) 100vw, 271px\" \/><\/a><\/p>\n<p>&nbsp;<\/p>\n","protected":false},"excerpt":{"rendered":"<p>Por Amanda Ferreira A consumidora Rosimere Alves, moradora de Ceil\u00e2ndia (DF), denuncia ao Grita do Consumidor que encontrou uma surpresa no molho de tomate da marca Primor. Ela conta que comprou o produto da marca devidamente lacrado e no prazo de validade. O produto de lote 3350458 e validade para 8 de mar\u00e7o de 2018 surpreendeu Rosimere quanto \u00e0 qualidade. [&hellip;]<\/p>\n","protected":false},"author":28,"featured_media":0,"comment_status":"open","ping_status":"closed","sticky":false,"template":"","format":"standard","meta":{"footnotes":""},"categories":[144],"tags":[],"class_list":["post-1611","post","type-post","status-publish","format-standard","hentry","category-consumidor"],"_links":{"self":[{"href":"https:\/\/blogs.correiobraziliense.com.br\/consumidor\/wp-json\/wp\/v2\/posts\/1611","targetHints":{"allow":["GET"]}}],"collection":[{"href":"https:\/\/blogs.correiobraziliense.com.br\/consumidor\/wp-json\/wp\/v2\/posts"}],"about":[{"href":"https:\/\/blogs.correiobraziliense.com.br\/consumidor\/wp-json\/wp\/v2\/types\/post"}],"author":[{"embeddable":true,"href":"https:\/\/blogs.correiobraziliense.com.br\/consumidor\/wp-json\/wp\/v2\/users\/28"}],"replies":[{"embeddable":true,"href":"https:\/\/blogs.correiobraziliense.com.br\/consumidor\/wp-json\/wp\/v2\/comments?post=1611"}],"version-history":[{"count":3,"href":"https:\/\/blogs.correiobraziliense.com.br\/consumidor\/wp-json\/wp\/v2\/posts\/1611\/revisions"}],"predecessor-version":[{"id":1616,"href":"https:\/\/blogs.correiobraziliense.com.br\/consumidor\/wp-json\/wp\/v2\/posts\/1611\/revisions\/1616"}],"wp:attachment":[{"href":"https:\/\/blogs.correiobraziliense.com.br\/consumidor\/wp-json\/wp\/v2\/media?parent=1611"}],"wp:term":[{"taxonomy":"category","embeddable":true,"href":"https:\/\/blogs.correiobraziliense.com.br\/consumidor\/wp-json\/wp\/v2\/categories?post=1611"},{"taxonomy":"post_tag","embeddable":true,"href":"https:\/\/blogs.correiobraziliense.com.br\/consumidor\/wp-json\/wp\/v2\/tags?post=1611"}],"curies":[{"name":"wp","href":"https:\/\/api.w.org\/{rel}","templated":true}]}}