{"id":161,"date":"2012-07-02T16:46:00","date_gmt":"2012-07-02T19:46:00","guid":{"rendered":"https:\/\/blogs.correiobraziliense.com.br\/consumidor\/decisao_judicial_permite_que_anatel_divulgue_os_processos_contra_empresas_de_telefonia\/"},"modified":"2012-07-02T16:46:00","modified_gmt":"2012-07-02T19:46:00","slug":"decisao_judicial_permite_que_anatel_divulgue_os_processos_contra_empresas_de_telefonia","status":"publish","type":"post","link":"https:\/\/blogs.correiobraziliense.com.br\/consumidor\/decisao_judicial_permite_que_anatel_divulgue_os_processos_contra_empresas_de_telefonia\/","title":{"rendered":"Decis\u00e3o judicial permite que Anatel divulgue os processos contra empresas de telefonia"},"content":{"rendered":"\n<p>Uma decis\u00e3o judicial do Tribunal Regional Federal da 2\u00aa regi\u00e3o liberou o acesso dos cidad\u00e3os aos processos administrativos instaurados pela Ag\u00eancia Nacional de Telecomunica\u00e7\u00f5es (Anatel) contra empresas de telefonia. Os interessados podem fazer uma solicita\u00e7\u00e3o formal \u00e0 ag\u00eancia.  <\/p>\n<p>A decis\u00e3o ainda cabe recurso. Em 2011, uma portaria da Anatel permitiu o acesso do p\u00fablico em geral aos documentos e informa\u00e7\u00f5es dos Procedimentos para Apura\u00e7\u00e3o de Descumprimento de Obriga\u00e7\u00f5es (Pados).   <\/p>\n<p>Por\u00e9m, o Sindicato Nacional das Empresas de Telefonia e de Servi\u00e7o M\u00f3vel Celular e Pessoal (Sinditelebrasil) entrou na justi\u00e7a contra a portaria, alegando que o amplo acesso aos processos administrativos poderia gerar uso indevido das informa\u00e7\u00f5es e queda das a\u00e7\u00f5es das empresas comercializadas na Bolsa de Valores.   <\/p>\n<p>A senten\u00e7a discorda dos argumentos do Sinditelebrasil e reitera as compet\u00eancias da Anatel. Para o desembargador Guilherme Diefenthaeler, os casos sigilosos devem ser exce\u00e7\u00e3o, n\u00e3o a regra. &#8220;A publicidade e o acesso \u00e0 informa\u00e7\u00e3o  imp\u00f5em-se com regra da atua\u00e7\u00e3o da Anatel, devendo o sigilo ser exce\u00e7\u00e3o, o  que vai ao encontro da postura da Ag\u00eancia Reguladora desde o final do  ano passado&#8221;.   <\/p>\n","protected":false},"excerpt":{"rendered":"<p>Uma decis\u00e3o judicial do Tribunal Regional Federal da 2\u00aa regi\u00e3o liberou o acesso dos cidad\u00e3os aos processos administrativos instaurados pela Ag\u00eancia Nacional de Telecomunica\u00e7\u00f5es (Anatel) contra empresas de telefonia. Os interessados podem fazer uma solicita\u00e7\u00e3o formal \u00e0 ag\u00eancia. A decis\u00e3o ainda cabe recurso. Em 2011, uma portaria da Anatel permitiu o acesso do p\u00fablico em geral aos documentos e informa\u00e7\u00f5es [&hellip;]<\/p>\n","protected":false},"author":28,"featured_media":0,"comment_status":"open","ping_status":"open","sticky":false,"template":"","format":"standard","meta":{"footnotes":""},"categories":[1],"tags":[],"class_list":["post-161","post","type-post","status-publish","format-standard","hentry","category-sem-categoria"],"_links":{"self":[{"href":"https:\/\/blogs.correiobraziliense.com.br\/consumidor\/wp-json\/wp\/v2\/posts\/161","targetHints":{"allow":["GET"]}}],"collection":[{"href":"https:\/\/blogs.correiobraziliense.com.br\/consumidor\/wp-json\/wp\/v2\/posts"}],"about":[{"href":"https:\/\/blogs.correiobraziliense.com.br\/consumidor\/wp-json\/wp\/v2\/types\/post"}],"author":[{"embeddable":true,"href":"https:\/\/blogs.correiobraziliense.com.br\/consumidor\/wp-json\/wp\/v2\/users\/28"}],"replies":[{"embeddable":true,"href":"https:\/\/blogs.correiobraziliense.com.br\/consumidor\/wp-json\/wp\/v2\/comments?post=161"}],"version-history":[{"count":0,"href":"https:\/\/blogs.correiobraziliense.com.br\/consumidor\/wp-json\/wp\/v2\/posts\/161\/revisions"}],"wp:attachment":[{"href":"https:\/\/blogs.correiobraziliense.com.br\/consumidor\/wp-json\/wp\/v2\/media?parent=161"}],"wp:term":[{"taxonomy":"category","embeddable":true,"href":"https:\/\/blogs.correiobraziliense.com.br\/consumidor\/wp-json\/wp\/v2\/categories?post=161"},{"taxonomy":"post_tag","embeddable":true,"href":"https:\/\/blogs.correiobraziliense.com.br\/consumidor\/wp-json\/wp\/v2\/tags?post=161"}],"curies":[{"name":"wp","href":"https:\/\/api.w.org\/{rel}","templated":true}]}}