{"id":1608,"date":"2016-11-29T12:36:41","date_gmt":"2016-11-29T14:36:41","guid":{"rendered":"https:\/\/blogs.correiobraziliense.com.br\/consumidor\/?p=1608"},"modified":"2016-11-29T12:42:34","modified_gmt":"2016-11-29T14:42:34","slug":"prazo-para-renegociacao-de-dividas-tributarias-termina-nesta-terca","status":"publish","type":"post","link":"https:\/\/blogs.correiobraziliense.com.br\/consumidor\/prazo-para-renegociacao-de-dividas-tributarias-termina-nesta-terca\/","title":{"rendered":"Prazo para renegocia\u00e7\u00e3o de d\u00edvidas tribut\u00e1rias termina nesta ter\u00e7a"},"content":{"rendered":"<p>Os contribuintes com d\u00e9bito em aberto com a Secretaria de Fazenda t\u00eam at\u00e9 o fim desta ter\u00e7a-feira (29\/11) para negociar tributos inscritos na d\u00edvida ativa at\u00e9 dezembro de 2015. A renegocia\u00e7\u00e3o vale para empresas e pessoas f\u00edsicas. Os valores devidos podem ter redu\u00e7\u00e3o de at\u00e9 99% nos juros e\u00a0nas\u00a0multas e fazem parte do\u00a0Programa de Incentivo \u00e0 Regulariza\u00e7\u00e3o Fiscal (Refis)<\/p>\n<p>Entre os tributos que podem ser renegociados est\u00e3o: os impostos Predial e Territorial Urbano (IPTU), sobre a Propriedade de Ve\u00edculos Automotores (IPVA), sobre a Transmiss\u00e3o Causa Mortis (ITCD), sobre a Transmiss\u00e3o de Bens Im\u00f3veis (ITBI), sobre a Circula\u00e7\u00e3o de Mercadorias (ICMS) e sobre Servi\u00e7os de Qualquer Natureza (ISS).<\/p>\n<p><strong>Como fazer<\/strong><\/p>\n<p>Todo o procedimento pode ser realizado diretamente pelo<a href=\"http:\/\/www.fazenda.df.gov.br\" target=\"_blank\"> portal <\/a>da Secretaria da Fazenda. As ag\u00eancias v\u00e3o funcionar das 9h30 \u00e0s 18h30 para atender aqueles que n\u00e3o conseguirem via internet.<\/p>\n<p>A primeira etapa do Refis terminou em junho. Com a prorroga\u00e7\u00e3o do incentivo, aprovada pela C\u00e2mara Legislativa, os contribuintes do DF ganharam uma segunda chance de refinanciar as d\u00edvidas, a partir de 1\u00ba de outubro.<\/p>\n<p><em>Com informa\u00e7\u00f5es da Secretaria de Fazenda do DF<\/em><\/p>\n<p>&nbsp;<\/p>\n","protected":false},"excerpt":{"rendered":"<p>Os contribuintes com d\u00e9bito em aberto com a Secretaria de Fazenda t\u00eam at\u00e9 o fim desta ter\u00e7a-feira (29\/11) para negociar tributos inscritos na d\u00edvida ativa at\u00e9 dezembro de 2015. A renegocia\u00e7\u00e3o vale para empresas e pessoas f\u00edsicas. Os valores devidos podem ter redu\u00e7\u00e3o de at\u00e9 99% nos juros e\u00a0nas\u00a0multas e fazem parte do\u00a0Programa de Incentivo \u00e0 Regulariza\u00e7\u00e3o Fiscal (Refis) Entre [&hellip;]<\/p>\n","protected":false},"author":28,"featured_media":0,"comment_status":"open","ping_status":"closed","sticky":false,"template":"","format":"standard","meta":{"footnotes":""},"categories":[144],"tags":[269,289,287,288],"class_list":["post-1608","post","type-post","status-publish","format-standard","hentry","category-consumidor","tag-juros","tag-multas","tag-refis","tag-renegociacao"],"_links":{"self":[{"href":"https:\/\/blogs.correiobraziliense.com.br\/consumidor\/wp-json\/wp\/v2\/posts\/1608","targetHints":{"allow":["GET"]}}],"collection":[{"href":"https:\/\/blogs.correiobraziliense.com.br\/consumidor\/wp-json\/wp\/v2\/posts"}],"about":[{"href":"https:\/\/blogs.correiobraziliense.com.br\/consumidor\/wp-json\/wp\/v2\/types\/post"}],"author":[{"embeddable":true,"href":"https:\/\/blogs.correiobraziliense.com.br\/consumidor\/wp-json\/wp\/v2\/users\/28"}],"replies":[{"embeddable":true,"href":"https:\/\/blogs.correiobraziliense.com.br\/consumidor\/wp-json\/wp\/v2\/comments?post=1608"}],"version-history":[{"count":2,"href":"https:\/\/blogs.correiobraziliense.com.br\/consumidor\/wp-json\/wp\/v2\/posts\/1608\/revisions"}],"predecessor-version":[{"id":1610,"href":"https:\/\/blogs.correiobraziliense.com.br\/consumidor\/wp-json\/wp\/v2\/posts\/1608\/revisions\/1610"}],"wp:attachment":[{"href":"https:\/\/blogs.correiobraziliense.com.br\/consumidor\/wp-json\/wp\/v2\/media?parent=1608"}],"wp:term":[{"taxonomy":"category","embeddable":true,"href":"https:\/\/blogs.correiobraziliense.com.br\/consumidor\/wp-json\/wp\/v2\/categories?post=1608"},{"taxonomy":"post_tag","embeddable":true,"href":"https:\/\/blogs.correiobraziliense.com.br\/consumidor\/wp-json\/wp\/v2\/tags?post=1608"}],"curies":[{"name":"wp","href":"https:\/\/api.w.org\/{rel}","templated":true}]}}