{"id":160,"date":"2012-06-28T17:22:00","date_gmt":"2012-06-28T20:22:00","guid":{"rendered":"https:\/\/blogs.correiobraziliense.com.br\/consumidor\/associacoes_de_consumidores_reclamam_do_reajuste_nos_planos_de_saude\/"},"modified":"2012-06-28T17:22:00","modified_gmt":"2012-06-28T20:22:00","slug":"associacoes_de_consumidores_reclamam_do_reajuste_nos_planos_de_saude","status":"publish","type":"post","link":"https:\/\/blogs.correiobraziliense.com.br\/consumidor\/associacoes_de_consumidores_reclamam_do_reajuste_nos_planos_de_saude\/","title":{"rendered":"Associa\u00e7\u00f5es de consumidores reclamam do reajuste nos planos de sa\u00fade"},"content":{"rendered":"\n<p>Oito milhoes de usu\u00e1rios de planos de sa\u00fade &#8211; cerca de 17% dos consumidores de assist\u00eancia m\u00e9dica &#8211; pagar\u00e3o mais pelo servi\u00e7o. Isso porque a Ag\u00eancia Nacional de Sa\u00fade Suplementar (ANS) aprovou hoje o reajuste 7,93% para os contratos individuais e familiares firmados a partir de janeiro de 1999 ou adaptados \u00e0 lei dos planos de sa\u00fade (lei n\u00ba 9.656\/98).&nbsp;  <\/p>\n<p>O \u00edndice autorizado pela ANS pode ser aplicado somente a  partir da data de anivers\u00e1rio de cada contrato, com a permiss\u00e3o de  cobran\u00e7a do valor retroativo caso a defasagem seja de, no m\u00e1ximo, quatro  meses.  <\/p>\n<p>Rea\u00e7\u00e3o dos \u00f3rg\u00e3os de defesa&nbsp;  <\/p>\n<p>O Instituto Brasileiro de Defesa do  Consumidor (Idec) manifestou-se contra a metodologia do reajuste da ANS. A associa\u00e7\u00e3o afirmou que ele \u00e9 inadequado \u00e0 realidade do consumidor brasileiro, que j\u00e1 arca com altos custos dos planos.&nbsp;  <\/p>\n<p>Para o Idec, a revis\u00e3o deveria abranger os planos coletivos, que representam 77% do mercado. A falta de regula\u00e7\u00e3o  adequada para esse tipo de contrato, resulta em reajustes abusivos e,  consequentemente, na rescis\u00e3o unilateral de contratos.  <\/p>\n<p>A metodologia aplicada pela ANS para  obter o \u00edndice \u00e9 a mesma desde 2001 e, em apenas duas ocasi\u00f5es, o reajuste foi  inferior ao IPCA acumulado no per\u00edodo. Neste ano, enquanto o valor acumulado do  IPCA (\u00cdndice de Pre\u00e7os ao Consumidor Amplo, \u00edndice oficial da infla\u00e7\u00e3o  brasileira medido pelo IBGE) de 2001 a 2012 \u00e9 de 115,26%, o \u00edndice acumulado dos  reajustes da ANS \u00e9 de 160,92%   <\/p>\n","protected":false},"excerpt":{"rendered":"<p>Oito milhoes de usu\u00e1rios de planos de sa\u00fade &#8211; cerca de 17% dos consumidores de assist\u00eancia m\u00e9dica &#8211; pagar\u00e3o mais pelo servi\u00e7o. Isso porque a Ag\u00eancia Nacional de Sa\u00fade Suplementar (ANS) aprovou hoje o reajuste 7,93% para os contratos individuais e familiares firmados a partir de janeiro de 1999 ou adaptados \u00e0 lei dos planos de sa\u00fade (lei n\u00ba 9.656\/98).&nbsp; [&hellip;]<\/p>\n","protected":false},"author":28,"featured_media":0,"comment_status":"open","ping_status":"open","sticky":false,"template":"","format":"standard","meta":{"footnotes":""},"categories":[1],"tags":[],"class_list":["post-160","post","type-post","status-publish","format-standard","hentry","category-sem-categoria"],"_links":{"self":[{"href":"https:\/\/blogs.correiobraziliense.com.br\/consumidor\/wp-json\/wp\/v2\/posts\/160","targetHints":{"allow":["GET"]}}],"collection":[{"href":"https:\/\/blogs.correiobraziliense.com.br\/consumidor\/wp-json\/wp\/v2\/posts"}],"about":[{"href":"https:\/\/blogs.correiobraziliense.com.br\/consumidor\/wp-json\/wp\/v2\/types\/post"}],"author":[{"embeddable":true,"href":"https:\/\/blogs.correiobraziliense.com.br\/consumidor\/wp-json\/wp\/v2\/users\/28"}],"replies":[{"embeddable":true,"href":"https:\/\/blogs.correiobraziliense.com.br\/consumidor\/wp-json\/wp\/v2\/comments?post=160"}],"version-history":[{"count":0,"href":"https:\/\/blogs.correiobraziliense.com.br\/consumidor\/wp-json\/wp\/v2\/posts\/160\/revisions"}],"wp:attachment":[{"href":"https:\/\/blogs.correiobraziliense.com.br\/consumidor\/wp-json\/wp\/v2\/media?parent=160"}],"wp:term":[{"taxonomy":"category","embeddable":true,"href":"https:\/\/blogs.correiobraziliense.com.br\/consumidor\/wp-json\/wp\/v2\/categories?post=160"},{"taxonomy":"post_tag","embeddable":true,"href":"https:\/\/blogs.correiobraziliense.com.br\/consumidor\/wp-json\/wp\/v2\/tags?post=160"}],"curies":[{"name":"wp","href":"https:\/\/api.w.org\/{rel}","templated":true}]}}