{"id":1585,"date":"2016-11-26T12:41:22","date_gmt":"2016-11-26T14:41:22","guid":{"rendered":"https:\/\/blogs.correiobraziliense.com.br\/consumidor\/?p=1585"},"modified":"2016-11-27T12:04:10","modified_gmt":"2016-11-27T14:04:10","slug":"anuncio-de-promocao-de-tv-causa-confusao-em-supermercado","status":"publish","type":"post","link":"https:\/\/blogs.correiobraziliense.com.br\/consumidor\/anuncio-de-promocao-de-tv-causa-confusao-em-supermercado\/","title":{"rendered":"An\u00fancio de promo\u00e7\u00e3o de TV causa confus\u00e3o em supermercado na Epia Sul"},"content":{"rendered":"<p><em>Por Marina Adorno, especial para o Correio<\/em><\/p>\n<p><img loading=\"lazy\" decoding=\"async\" class=\"wp-image-1589 aligncenter\" src=\"https:\/\/blogs.correiobraziliense.com.br\/consumidor\/wp-content\/uploads\/sites\/11\/2016\/11\/2016-11-26-PHOTO-00000002.jpg\" alt=\"\" width=\"865\" height=\"487\" srcset=\"https:\/\/blogs.correiobraziliense.com.br\/consumidor\/wp-content\/uploads\/sites\/11\/2016\/11\/2016-11-26-PHOTO-00000002.jpg 1032w, https:\/\/blogs.correiobraziliense.com.br\/consumidor\/wp-content\/uploads\/sites\/11\/2016\/11\/2016-11-26-PHOTO-00000002-300x169.jpg 300w, https:\/\/blogs.correiobraziliense.com.br\/consumidor\/wp-content\/uploads\/sites\/11\/2016\/11\/2016-11-26-PHOTO-00000002-768x432.jpg 768w, https:\/\/blogs.correiobraziliense.com.br\/consumidor\/wp-content\/uploads\/sites\/11\/2016\/11\/2016-11-26-PHOTO-00000002-1024x576.jpg 1024w, https:\/\/blogs.correiobraziliense.com.br\/consumidor\/wp-content\/uploads\/sites\/11\/2016\/11\/2016-11-26-PHOTO-00000002-350x197.jpg 350w, https:\/\/blogs.correiobraziliense.com.br\/consumidor\/wp-content\/uploads\/sites\/11\/2016\/11\/2016-11-26-PHOTO-00000002-550x310.jpg 550w, https:\/\/blogs.correiobraziliense.com.br\/consumidor\/wp-content\/uploads\/sites\/11\/2016\/11\/2016-11-26-PHOTO-00000002-230x129.jpg 230w\" sizes=\"auto, (max-width: 865px) 100vw, 865px\" \/><\/p>\n<p>Os consumidores que foram ao Extra da Epia Sul tiveram uma surpresa enquanto faziam as compras. O locutor do hipermercado anunciou uma oferta rel\u00e2mpago, segundo ele &#8220;ressaca da Black Friday&#8221;. A promo\u00e7\u00e3o era de uma televis\u00e3o de 48 polegadas da marca Samsung que custava R$ 3,9 mil \u00a0por R$ 1 mil. Os interessados deveriam pegar uma senha, retirar a TV e se dirigir para o caixa.<\/p>\n<p>Cerca de 20 pessoas se interessaram pela oferta e pegaram os produtos. Ao chegar no caixa foram informados que a TV n\u00e3o estaria custando R$ 1 mil, mas sim, que este era o valor do desconto, ou seja, a TV custaria R$ 2,9 mil. O advogado Marcelo Alessandro, 39 anos, \u00e9 um dos clientes que se interessou pela oferta. \u201cEle disse que seria a melhor oferta do Brasil, e agora eles n\u00e3o querem vender a TV pelo pre\u00e7o anunciado. Isso \u00e9 propaganda enganosa, \u00e9 dissimula\u00e7\u00e3o da empresa\u201d, defende. Segundo o advogado, o locutor n\u00e3o est\u00e1 mais na loja e tr\u00eas gerentes j\u00e1 foram conversar com os clientes para tentar resolver a confus\u00e3o. Marcelo e os outros consumidores ainda aguardam na loja e dizem que n\u00e3o v\u00e3o sair enquanto n\u00e3o comprarem o aparelho por mil reais.<\/p>\n<p>A Pol\u00edcia Militar foi chamada para solucionar a quest\u00e3o. Por fim, o grupo de pessoas foi \u00e0 1\u00aa Delegacia de Pol\u00edcia da Asa Sul e, no local, eles foram orientados a procurar o Procon. Os clientes n\u00e3o conseguiram levar os produtos por R$ 1 mil.<\/p>\n<p>A assessoria do Extra informou que\u00a0n\u00e3o houve propaganda enganosa, nem oferta n\u00e3o cumprida, mas sim, falha de interpreta\u00e7\u00e3o dos consumidores,\u00a0uma vez que realizou a promo\u00e7\u00e3o oferecendo R$ 1 mil de desconto, o que foi cumprido. Leia a \u00edntegra da nota do supermercado: &#8220;A rede informa que realizou uma promo\u00e7\u00e3o em loja oferecendo um desconto de R$ 1 mil em um televisor, que foi devidamente cumprida. A loja realizou os esclarecimentos necess\u00e1rios aos presentes e permanece \u00e0 disposi\u00e7\u00e3o&#8221;.<\/p>\n<p>Veja v\u00eddeo:<\/p>\n<p>https:\/\/youtube.com\/watch?v=2daWVhOT4h4<\/p>\n<p>&nbsp;<\/p>\n<p>&nbsp;<\/p>\n<p>&nbsp;<\/p>\n","protected":false},"excerpt":{"rendered":"<p>Por Marina Adorno, especial para o Correio Os consumidores que foram ao Extra da Epia Sul tiveram uma surpresa enquanto faziam as compras. O locutor do hipermercado anunciou uma oferta rel\u00e2mpago, segundo ele &#8220;ressaca da Black Friday&#8221;. A promo\u00e7\u00e3o era de uma televis\u00e3o de 48 polegadas da marca Samsung que custava R$ 3,9 mil \u00a0por R$ 1 mil. Os interessados [&hellip;]<\/p>\n","protected":false},"author":28,"featured_media":0,"comment_status":"open","ping_status":"closed","sticky":false,"template":"","format":"video","meta":{"footnotes":""},"categories":[144],"tags":[],"class_list":["post-1585","post","type-post","status-publish","format-video","hentry","category-consumidor","post_format-post-format-video"],"_links":{"self":[{"href":"https:\/\/blogs.correiobraziliense.com.br\/consumidor\/wp-json\/wp\/v2\/posts\/1585","targetHints":{"allow":["GET"]}}],"collection":[{"href":"https:\/\/blogs.correiobraziliense.com.br\/consumidor\/wp-json\/wp\/v2\/posts"}],"about":[{"href":"https:\/\/blogs.correiobraziliense.com.br\/consumidor\/wp-json\/wp\/v2\/types\/post"}],"author":[{"embeddable":true,"href":"https:\/\/blogs.correiobraziliense.com.br\/consumidor\/wp-json\/wp\/v2\/users\/28"}],"replies":[{"embeddable":true,"href":"https:\/\/blogs.correiobraziliense.com.br\/consumidor\/wp-json\/wp\/v2\/comments?post=1585"}],"version-history":[{"count":18,"href":"https:\/\/blogs.correiobraziliense.com.br\/consumidor\/wp-json\/wp\/v2\/posts\/1585\/revisions"}],"predecessor-version":[{"id":1604,"href":"https:\/\/blogs.correiobraziliense.com.br\/consumidor\/wp-json\/wp\/v2\/posts\/1585\/revisions\/1604"}],"wp:attachment":[{"href":"https:\/\/blogs.correiobraziliense.com.br\/consumidor\/wp-json\/wp\/v2\/media?parent=1585"}],"wp:term":[{"taxonomy":"category","embeddable":true,"href":"https:\/\/blogs.correiobraziliense.com.br\/consumidor\/wp-json\/wp\/v2\/categories?post=1585"},{"taxonomy":"post_tag","embeddable":true,"href":"https:\/\/blogs.correiobraziliense.com.br\/consumidor\/wp-json\/wp\/v2\/tags?post=1585"}],"curies":[{"name":"wp","href":"https:\/\/api.w.org\/{rel}","templated":true}]}}