{"id":1568,"date":"2016-11-24T16:14:16","date_gmt":"2016-11-24T18:14:16","guid":{"rendered":"https:\/\/blogs.correiobraziliense.com.br\/consumidor\/?p=1568"},"modified":"2016-11-24T18:25:49","modified_gmt":"2016-11-24T20:25:49","slug":"confira-lista-de-produtos-que-aumentaram-o-preco-antes-da-black-friday-e-agora-estao-mais-baratos","status":"publish","type":"post","link":"https:\/\/blogs.correiobraziliense.com.br\/consumidor\/confira-lista-de-produtos-que-aumentaram-o-preco-antes-da-black-friday-e-agora-estao-mais-baratos\/","title":{"rendered":"Confira a lista de produtos que aumentaram o pre\u00e7o antes da Black Friday e agora est\u00e3o mais &#8220;baratos&#8221;"},"content":{"rendered":"<p>A ReclameAqui monitorou os pre\u00e7os de produtos de empresas brasileiras para verificar se houve, de fato, os descontos prometidos pela Black Friday. Segundo a companhia, pelo menos oito deles tiveram os pre\u00e7os elevados pouco antes da data promocional e agora est\u00e3o na lista como se estivessem com desconto. Confira:<\/p>\n<p><a href=\"https:\/\/blogs.correiobraziliense.com.br\/consumidor\/de-olho-na-black-friday-veja-quais-sao-os-186-sites-nao-recomendados\/\">Leia tamb\u00e9m a lista dos sites n\u00e3o recomendados na Black Friday\u00a0<\/a><\/p>\n<p><strong>&gt;&gt; Guarda-roupa 10 portas vendido na RicardoEletro: varia\u00e7\u00e3o de R$ 467,21<\/strong><\/p>\n<p><a href=\"https:\/\/blogs.correiobraziliense.com.br\/consumidor\/wp-content\/uploads\/sites\/11\/2016\/11\/guarda-roupa-ricardo.jpg\" rel=\"attachment wp-att-1569\"><img loading=\"lazy\" decoding=\"async\" class=\"alignnone wp-image-1569\" src=\"https:\/\/blogs.correiobraziliense.com.br\/consumidor\/wp-content\/uploads\/sites\/11\/2016\/11\/guarda-roupa-ricardo.jpg\" alt=\"guarda-roupa ricardo\" width=\"800\" height=\"332\" srcset=\"https:\/\/blogs.correiobraziliense.com.br\/consumidor\/wp-content\/uploads\/sites\/11\/2016\/11\/guarda-roupa-ricardo.jpg 921w, https:\/\/blogs.correiobraziliense.com.br\/consumidor\/wp-content\/uploads\/sites\/11\/2016\/11\/guarda-roupa-ricardo-300x124.jpg 300w, https:\/\/blogs.correiobraziliense.com.br\/consumidor\/wp-content\/uploads\/sites\/11\/2016\/11\/guarda-roupa-ricardo-768x319.jpg 768w, https:\/\/blogs.correiobraziliense.com.br\/consumidor\/wp-content\/uploads\/sites\/11\/2016\/11\/guarda-roupa-ricardo-350x145.jpg 350w, https:\/\/blogs.correiobraziliense.com.br\/consumidor\/wp-content\/uploads\/sites\/11\/2016\/11\/guarda-roupa-ricardo-550x228.jpg 550w, https:\/\/blogs.correiobraziliense.com.br\/consumidor\/wp-content\/uploads\/sites\/11\/2016\/11\/guarda-roupa-ricardo-230x95.jpg 230w\" sizes=\"auto, (max-width: 800px) 100vw, 800px\" \/><\/a><\/p>\n<p><strong>&gt; &gt; Notebook vendido no Walmart: varia\u00e7\u00e3o de R$ 1.439,98<\/strong><\/p>\n<p><a href=\"https:\/\/blogs.correiobraziliense.com.br\/consumidor\/wp-content\/uploads\/sites\/11\/2016\/11\/notebook.jpg\" rel=\"attachment wp-att-1570\"><img loading=\"lazy\" decoding=\"async\" class=\"alignnone wp-image-1570\" src=\"https:\/\/blogs.correiobraziliense.com.br\/consumidor\/wp-content\/uploads\/sites\/11\/2016\/11\/notebook.jpg\" alt=\"notebook\" width=\"802\" height=\"298\" srcset=\"https:\/\/blogs.correiobraziliense.com.br\/consumidor\/wp-content\/uploads\/sites\/11\/2016\/11\/notebook.jpg 1040w, https:\/\/blogs.correiobraziliense.com.br\/consumidor\/wp-content\/uploads\/sites\/11\/2016\/11\/notebook-300x112.jpg 300w, https:\/\/blogs.correiobraziliense.com.br\/consumidor\/wp-content\/uploads\/sites\/11\/2016\/11\/notebook-768x286.jpg 768w, https:\/\/blogs.correiobraziliense.com.br\/consumidor\/wp-content\/uploads\/sites\/11\/2016\/11\/notebook-1024x381.jpg 1024w, https:\/\/blogs.correiobraziliense.com.br\/consumidor\/wp-content\/uploads\/sites\/11\/2016\/11\/notebook-350x130.jpg 350w, https:\/\/blogs.correiobraziliense.com.br\/consumidor\/wp-content\/uploads\/sites\/11\/2016\/11\/notebook-550x205.jpg 550w, https:\/\/blogs.correiobraziliense.com.br\/consumidor\/wp-content\/uploads\/sites\/11\/2016\/11\/notebook-230x86.jpg 230w\" sizes=\"auto, (max-width: 802px) 100vw, 802px\" \/><\/a><\/p>\n<p><strong>&gt;&gt; Smartphone Asus vendido na Ef\u00e1cil: varia\u00e7\u00e3o de R$ 516,74<\/strong><\/p>\n<p><a href=\"https:\/\/blogs.correiobraziliense.com.br\/consumidor\/wp-content\/uploads\/sites\/11\/2016\/11\/smartphone.jpg\" rel=\"attachment wp-att-1571\"><img loading=\"lazy\" decoding=\"async\" class=\"alignnone wp-image-1571\" src=\"https:\/\/blogs.correiobraziliense.com.br\/consumidor\/wp-content\/uploads\/sites\/11\/2016\/11\/smartphone.jpg\" alt=\"smartphone\" width=\"801\" height=\"329\" srcset=\"https:\/\/blogs.correiobraziliense.com.br\/consumidor\/wp-content\/uploads\/sites\/11\/2016\/11\/smartphone.jpg 968w, https:\/\/blogs.correiobraziliense.com.br\/consumidor\/wp-content\/uploads\/sites\/11\/2016\/11\/smartphone-300x123.jpg 300w, https:\/\/blogs.correiobraziliense.com.br\/consumidor\/wp-content\/uploads\/sites\/11\/2016\/11\/smartphone-768x316.jpg 768w, https:\/\/blogs.correiobraziliense.com.br\/consumidor\/wp-content\/uploads\/sites\/11\/2016\/11\/smartphone-350x144.jpg 350w, https:\/\/blogs.correiobraziliense.com.br\/consumidor\/wp-content\/uploads\/sites\/11\/2016\/11\/smartphone-550x226.jpg 550w, https:\/\/blogs.correiobraziliense.com.br\/consumidor\/wp-content\/uploads\/sites\/11\/2016\/11\/smartphone-230x95.jpg 230w\" sizes=\"auto, (max-width: 801px) 100vw, 801px\" \/><\/a><\/p>\n<p><strong>&gt;&gt; Cama box queen vendido nas Americanas: varia\u00e7\u00e3o de R$ 995,44<\/strong><\/p>\n<p><a href=\"https:\/\/blogs.correiobraziliense.com.br\/consumidor\/wp-content\/uploads\/sites\/11\/2016\/11\/cama-box.jpg\" rel=\"attachment wp-att-1572\"><img loading=\"lazy\" decoding=\"async\" class=\"alignnone wp-image-1572\" src=\"https:\/\/blogs.correiobraziliense.com.br\/consumidor\/wp-content\/uploads\/sites\/11\/2016\/11\/cama-box.jpg\" alt=\"cama box\" width=\"801\" height=\"292\" srcset=\"https:\/\/blogs.correiobraziliense.com.br\/consumidor\/wp-content\/uploads\/sites\/11\/2016\/11\/cama-box.jpg 1054w, https:\/\/blogs.correiobraziliense.com.br\/consumidor\/wp-content\/uploads\/sites\/11\/2016\/11\/cama-box-300x109.jpg 300w, https:\/\/blogs.correiobraziliense.com.br\/consumidor\/wp-content\/uploads\/sites\/11\/2016\/11\/cama-box-768x280.jpg 768w, https:\/\/blogs.correiobraziliense.com.br\/consumidor\/wp-content\/uploads\/sites\/11\/2016\/11\/cama-box-1024x373.jpg 1024w, https:\/\/blogs.correiobraziliense.com.br\/consumidor\/wp-content\/uploads\/sites\/11\/2016\/11\/cama-box-350x128.jpg 350w, https:\/\/blogs.correiobraziliense.com.br\/consumidor\/wp-content\/uploads\/sites\/11\/2016\/11\/cama-box-550x200.jpg 550w, https:\/\/blogs.correiobraziliense.com.br\/consumidor\/wp-content\/uploads\/sites\/11\/2016\/11\/cama-box-230x84.jpg 230w\" sizes=\"auto, (max-width: 801px) 100vw, 801px\" \/><\/a><\/p>\n<p><strong>&gt;&gt; T\u00eanis vendido: varia\u00e7\u00e3o de R$ 250<\/strong><\/p>\n<p><a href=\"https:\/\/blogs.correiobraziliense.com.br\/consumidor\/wp-content\/uploads\/sites\/11\/2016\/11\/t\u00eanis.jpg\" rel=\"attachment wp-att-1573\"><img loading=\"lazy\" decoding=\"async\" class=\"alignnone wp-image-1573\" src=\"https:\/\/blogs.correiobraziliense.com.br\/consumidor\/wp-content\/uploads\/sites\/11\/2016\/11\/t\u00eanis.jpg\" alt=\"t\u00eanis\" width=\"805\" height=\"299\" srcset=\"https:\/\/blogs.correiobraziliense.com.br\/consumidor\/wp-content\/uploads\/sites\/11\/2016\/11\/t\u00eanis.jpg 999w, https:\/\/blogs.correiobraziliense.com.br\/consumidor\/wp-content\/uploads\/sites\/11\/2016\/11\/t\u00eanis-300x111.jpg 300w, https:\/\/blogs.correiobraziliense.com.br\/consumidor\/wp-content\/uploads\/sites\/11\/2016\/11\/t\u00eanis-768x285.jpg 768w, https:\/\/blogs.correiobraziliense.com.br\/consumidor\/wp-content\/uploads\/sites\/11\/2016\/11\/t\u00eanis-350x130.jpg 350w, https:\/\/blogs.correiobraziliense.com.br\/consumidor\/wp-content\/uploads\/sites\/11\/2016\/11\/t\u00eanis-550x204.jpg 550w, https:\/\/blogs.correiobraziliense.com.br\/consumidor\/wp-content\/uploads\/sites\/11\/2016\/11\/t\u00eanis-230x85.jpg 230w\" sizes=\"auto, (max-width: 805px) 100vw, 805px\" \/><\/a><\/p>\n<p><strong>&gt;&gt; Smart TV Led vendida na ShopTime: varia\u00e7\u00e3o de R$ 3.916,26<\/strong><\/p>\n<p><a href=\"https:\/\/blogs.correiobraziliense.com.br\/consumidor\/wp-content\/uploads\/sites\/11\/2016\/11\/smart-tv.jpg\" rel=\"attachment wp-att-1574\"><img loading=\"lazy\" decoding=\"async\" class=\"alignnone wp-image-1574\" src=\"https:\/\/blogs.correiobraziliense.com.br\/consumidor\/wp-content\/uploads\/sites\/11\/2016\/11\/smart-tv.jpg\" alt=\"smart tv\" width=\"801\" height=\"334\" srcset=\"https:\/\/blogs.correiobraziliense.com.br\/consumidor\/wp-content\/uploads\/sites\/11\/2016\/11\/smart-tv.jpg 935w, https:\/\/blogs.correiobraziliense.com.br\/consumidor\/wp-content\/uploads\/sites\/11\/2016\/11\/smart-tv-300x125.jpg 300w, https:\/\/blogs.correiobraziliense.com.br\/consumidor\/wp-content\/uploads\/sites\/11\/2016\/11\/smart-tv-768x320.jpg 768w, https:\/\/blogs.correiobraziliense.com.br\/consumidor\/wp-content\/uploads\/sites\/11\/2016\/11\/smart-tv-350x146.jpg 350w, https:\/\/blogs.correiobraziliense.com.br\/consumidor\/wp-content\/uploads\/sites\/11\/2016\/11\/smart-tv-550x229.jpg 550w, https:\/\/blogs.correiobraziliense.com.br\/consumidor\/wp-content\/uploads\/sites\/11\/2016\/11\/smart-tv-230x96.jpg 230w\" sizes=\"auto, (max-width: 801px) 100vw, 801px\" \/><\/a><\/p>\n<p><strong>&gt;&gt; Lavadora de roupas Brastemp vendida no Extra.com: varia\u00e7\u00e3o de R$ 1.533,89<\/strong><\/p>\n<p><a href=\"https:\/\/blogs.correiobraziliense.com.br\/consumidor\/wp-content\/uploads\/sites\/11\/2016\/11\/lavadora-de-roupas-brastemp.png\" rel=\"attachment wp-att-1575\"><img loading=\"lazy\" decoding=\"async\" class=\"alignnone wp-image-1575\" src=\"https:\/\/blogs.correiobraziliense.com.br\/consumidor\/wp-content\/uploads\/sites\/11\/2016\/11\/lavadora-de-roupas-brastemp.png\" alt=\"lavadora de roupas brastemp\" width=\"800\" height=\"356\" srcset=\"https:\/\/blogs.correiobraziliense.com.br\/consumidor\/wp-content\/uploads\/sites\/11\/2016\/11\/lavadora-de-roupas-brastemp.png 1204w, https:\/\/blogs.correiobraziliense.com.br\/consumidor\/wp-content\/uploads\/sites\/11\/2016\/11\/lavadora-de-roupas-brastemp-300x134.png 300w, https:\/\/blogs.correiobraziliense.com.br\/consumidor\/wp-content\/uploads\/sites\/11\/2016\/11\/lavadora-de-roupas-brastemp-768x342.png 768w, https:\/\/blogs.correiobraziliense.com.br\/consumidor\/wp-content\/uploads\/sites\/11\/2016\/11\/lavadora-de-roupas-brastemp-1024x456.png 1024w, https:\/\/blogs.correiobraziliense.com.br\/consumidor\/wp-content\/uploads\/sites\/11\/2016\/11\/lavadora-de-roupas-brastemp-350x156.png 350w, https:\/\/blogs.correiobraziliense.com.br\/consumidor\/wp-content\/uploads\/sites\/11\/2016\/11\/lavadora-de-roupas-brastemp-550x245.png 550w, https:\/\/blogs.correiobraziliense.com.br\/consumidor\/wp-content\/uploads\/sites\/11\/2016\/11\/lavadora-de-roupas-brastemp-230x102.png 230w\" sizes=\"auto, (max-width: 800px) 100vw, 800px\" \/><\/a><\/p>\n<p><strong>&gt;&gt; Lavadora Eletrolux: varia\u00e7\u00e3o de R$ 1.312,06<\/strong><\/p>\n<p><a href=\"https:\/\/blogs.correiobraziliense.com.br\/consumidor\/wp-content\/uploads\/sites\/11\/2016\/11\/lavadora-de-roupas-eletrolux.png\" rel=\"attachment wp-att-1576\"><img loading=\"lazy\" decoding=\"async\" class=\"alignnone wp-image-1576\" src=\"https:\/\/blogs.correiobraziliense.com.br\/consumidor\/wp-content\/uploads\/sites\/11\/2016\/11\/lavadora-de-roupas-eletrolux.png\" alt=\"lavadora de roupas eletrolux\" width=\"801\" height=\"342\" srcset=\"https:\/\/blogs.correiobraziliense.com.br\/consumidor\/wp-content\/uploads\/sites\/11\/2016\/11\/lavadora-de-roupas-eletrolux.png 1703w, https:\/\/blogs.correiobraziliense.com.br\/consumidor\/wp-content\/uploads\/sites\/11\/2016\/11\/lavadora-de-roupas-eletrolux-300x128.png 300w, https:\/\/blogs.correiobraziliense.com.br\/consumidor\/wp-content\/uploads\/sites\/11\/2016\/11\/lavadora-de-roupas-eletrolux-768x328.png 768w, https:\/\/blogs.correiobraziliense.com.br\/consumidor\/wp-content\/uploads\/sites\/11\/2016\/11\/lavadora-de-roupas-eletrolux-1024x437.png 1024w, https:\/\/blogs.correiobraziliense.com.br\/consumidor\/wp-content\/uploads\/sites\/11\/2016\/11\/lavadora-de-roupas-eletrolux-350x149.png 350w, https:\/\/blogs.correiobraziliense.com.br\/consumidor\/wp-content\/uploads\/sites\/11\/2016\/11\/lavadora-de-roupas-eletrolux-1440x615.png 1440w, https:\/\/blogs.correiobraziliense.com.br\/consumidor\/wp-content\/uploads\/sites\/11\/2016\/11\/lavadora-de-roupas-eletrolux-550x235.png 550w, https:\/\/blogs.correiobraziliense.com.br\/consumidor\/wp-content\/uploads\/sites\/11\/2016\/11\/lavadora-de-roupas-eletrolux-230x98.png 230w\" sizes=\"auto, (max-width: 801px) 100vw, 801px\" \/><\/a><\/p>\n<p>&nbsp;<\/p>\n<p>&nbsp;<\/p>\n<p>&nbsp;<\/p>\n<p>&nbsp;<\/p>\n","protected":false},"excerpt":{"rendered":"<p>A ReclameAqui monitorou os pre\u00e7os de produtos de empresas brasileiras para verificar se houve, de fato, os descontos prometidos pela Black Friday. Segundo a companhia, pelo menos oito deles tiveram os pre\u00e7os elevados pouco antes da data promocional e agora est\u00e3o na lista como se estivessem com desconto. Confira: Leia tamb\u00e9m a lista dos sites n\u00e3o recomendados na Black Friday\u00a0 [&hellip;]<\/p>\n","protected":false},"author":28,"featured_media":0,"comment_status":"open","ping_status":"closed","sticky":false,"template":"","format":"standard","meta":{"footnotes":""},"categories":[144],"tags":[255,45,221,281],"class_list":["post-1568","post","type-post","status-publish","format-standard","hentry","category-consumidor","tag-black-friday","tag-consumidor","tag-fraude","tag-preco-alto"],"_links":{"self":[{"href":"https:\/\/blogs.correiobraziliense.com.br\/consumidor\/wp-json\/wp\/v2\/posts\/1568","targetHints":{"allow":["GET"]}}],"collection":[{"href":"https:\/\/blogs.correiobraziliense.com.br\/consumidor\/wp-json\/wp\/v2\/posts"}],"about":[{"href":"https:\/\/blogs.correiobraziliense.com.br\/consumidor\/wp-json\/wp\/v2\/types\/post"}],"author":[{"embeddable":true,"href":"https:\/\/blogs.correiobraziliense.com.br\/consumidor\/wp-json\/wp\/v2\/users\/28"}],"replies":[{"embeddable":true,"href":"https:\/\/blogs.correiobraziliense.com.br\/consumidor\/wp-json\/wp\/v2\/comments?post=1568"}],"version-history":[{"count":4,"href":"https:\/\/blogs.correiobraziliense.com.br\/consumidor\/wp-json\/wp\/v2\/posts\/1568\/revisions"}],"predecessor-version":[{"id":1581,"href":"https:\/\/blogs.correiobraziliense.com.br\/consumidor\/wp-json\/wp\/v2\/posts\/1568\/revisions\/1581"}],"wp:attachment":[{"href":"https:\/\/blogs.correiobraziliense.com.br\/consumidor\/wp-json\/wp\/v2\/media?parent=1568"}],"wp:term":[{"taxonomy":"category","embeddable":true,"href":"https:\/\/blogs.correiobraziliense.com.br\/consumidor\/wp-json\/wp\/v2\/categories?post=1568"},{"taxonomy":"post_tag","embeddable":true,"href":"https:\/\/blogs.correiobraziliense.com.br\/consumidor\/wp-json\/wp\/v2\/tags?post=1568"}],"curies":[{"name":"wp","href":"https:\/\/api.w.org\/{rel}","templated":true}]}}