{"id":1565,"date":"2016-11-24T15:11:10","date_gmt":"2016-11-24T17:11:10","guid":{"rendered":"https:\/\/blogs.correiobraziliense.com.br\/consumidor\/?p=1565"},"modified":"2016-11-24T15:11:10","modified_gmt":"2016-11-24T17:11:10","slug":"cliente-pode-escolher-cambio-da-fatura-de-cartao-de-credito","status":"publish","type":"post","link":"https:\/\/blogs.correiobraziliense.com.br\/consumidor\/cliente-pode-escolher-cambio-da-fatura-de-cartao-de-credito\/","title":{"rendered":"Cliente pode escolher c\u00e2mbio da fatura de cart\u00e3o de cr\u00e9dito, determina Banco Central"},"content":{"rendered":"<p>A partir desta semana, consumidor pode escolher se o c\u00e2mbio utilizado no cart\u00e3o de cr\u00e9dito ser\u00e1 o do dia da compra ou o do fechamento do boleto de pagamento. Assim, se a aquisi\u00e7\u00e3o foi feita no exterior ou em sites estrangeiros, o cliente opta entre pagar o valor em reais na fatura, com a cota\u00e7\u00e3o da data do fechamento do cart\u00e3o, ou pagar a convers\u00e3o do dia em que a compra foi feita. O cliente que optar pela segunda alternativa deve comunicar \u00e0 operadora de cart\u00e3o de cr\u00e9dito. A possibilidade foi anunciada em uma <a href=\"http:\/\/www.bcb.gov.br\/pre\/normativos\/busca\/normativo.asp?numero=3813&amp;tipo=Circular&amp;data=23\/11\/2016\" target=\"_blank\">circular <\/a>do Banco Central (BC) divulgada na \u00faltima quarta-feira (23\/11).<\/p>\n<p>A mudan\u00e7a na forma de pagamento de aquisi\u00e7\u00f5es feitas no exterior via cart\u00e3o de cr\u00e9dito foi comemorada por associa\u00e7\u00f5es de consumidores como a Proteste. Para a entidade, a medida anunciada pelo Banco Central d\u00e1 visibilidade ao neg\u00f3cio porque, &#8220;da forma como era calculado at\u00e9 agora, uma oferta podia ser muito boa no dia da compra e p\u00e9ssima na hora de pagar, devido a instabilidade cambial&#8221;.<\/p>\n<p>O BC tamb\u00e9m ampliou as formas de pagamento para compra de bens e servi\u00e7os no exterior por meio de empresas que prestam servi\u00e7o de pagamento internacional de com\u00e9rcio eletr\u00f4nico. Agora, transfer\u00eancia banc\u00e1ria e cart\u00e3o de uso dom\u00e9stico tamb\u00e9m podem ser utilizados, em complemento ao cart\u00e3o de uso internacional. Ou seja, cart\u00e3o de cr\u00e9dito nacional tamb\u00e9m pode ser usado para compras em sites estrangeiros.<\/p>\n<p>A cr\u00edtica da Proteste em rela\u00e7\u00e3o a circular \u00e9 a de que o Banco Central deixou em aberto o fato de os bancos continuarem sem a obriga\u00e7\u00e3o de cobrar a taxa oficial do d\u00f3lar comercial no momento da cobran\u00e7a. Por isso, a associa\u00e7\u00e3o diz que continua na luta para que seja\u00a0regulamentada a aplica\u00e7\u00e3o da taxa de c\u00e2mbio no cart\u00e3o de cr\u00e9dito. Segundo a Proteste, apesar de, em tese, a taxa de refer\u00eancia ser a do d\u00f3lar comercial \u00a0&#8211; geralmente mais baixa que o d\u00f3lar turismo -, levantamento da entidade mostrou que isso n\u00e3o ocorre. Isso porque os\u00a0bancos n\u00e3o s\u00e3o obrigados a cobrar a taxa de c\u00e2mbio comercial, mas s\u00e3o orientados a utiliz\u00e1-la como refer\u00eancia.<\/p>\n","protected":false},"excerpt":{"rendered":"<p>A partir desta semana, consumidor pode escolher se o c\u00e2mbio utilizado no cart\u00e3o de cr\u00e9dito ser\u00e1 o do dia da compra ou o do fechamento do boleto de pagamento. Assim, se a aquisi\u00e7\u00e3o foi feita no exterior ou em sites estrangeiros, o cliente opta entre pagar o valor em reais na fatura, com a cota\u00e7\u00e3o da data do fechamento do [&hellip;]<\/p>\n","protected":false},"author":28,"featured_media":1566,"comment_status":"open","ping_status":"closed","sticky":false,"template":"","format":"standard","meta":{"footnotes":""},"categories":[144],"tags":[278,279,268,280,246],"class_list":["post-1565","post","type-post","status-publish","format-standard","has-post-thumbnail","hentry","category-consumidor","tag-banco-central","tag-cambio","tag-cartao-de-credito","tag-dolar","tag-fatura"],"_links":{"self":[{"href":"https:\/\/blogs.correiobraziliense.com.br\/consumidor\/wp-json\/wp\/v2\/posts\/1565","targetHints":{"allow":["GET"]}}],"collection":[{"href":"https:\/\/blogs.correiobraziliense.com.br\/consumidor\/wp-json\/wp\/v2\/posts"}],"about":[{"href":"https:\/\/blogs.correiobraziliense.com.br\/consumidor\/wp-json\/wp\/v2\/types\/post"}],"author":[{"embeddable":true,"href":"https:\/\/blogs.correiobraziliense.com.br\/consumidor\/wp-json\/wp\/v2\/users\/28"}],"replies":[{"embeddable":true,"href":"https:\/\/blogs.correiobraziliense.com.br\/consumidor\/wp-json\/wp\/v2\/comments?post=1565"}],"version-history":[{"count":1,"href":"https:\/\/blogs.correiobraziliense.com.br\/consumidor\/wp-json\/wp\/v2\/posts\/1565\/revisions"}],"predecessor-version":[{"id":1567,"href":"https:\/\/blogs.correiobraziliense.com.br\/consumidor\/wp-json\/wp\/v2\/posts\/1565\/revisions\/1567"}],"wp:featuredmedia":[{"embeddable":true,"href":"https:\/\/blogs.correiobraziliense.com.br\/consumidor\/wp-json\/wp\/v2\/media\/1566"}],"wp:attachment":[{"href":"https:\/\/blogs.correiobraziliense.com.br\/consumidor\/wp-json\/wp\/v2\/media?parent=1565"}],"wp:term":[{"taxonomy":"category","embeddable":true,"href":"https:\/\/blogs.correiobraziliense.com.br\/consumidor\/wp-json\/wp\/v2\/categories?post=1565"},{"taxonomy":"post_tag","embeddable":true,"href":"https:\/\/blogs.correiobraziliense.com.br\/consumidor\/wp-json\/wp\/v2\/tags?post=1565"}],"curies":[{"name":"wp","href":"https:\/\/api.w.org\/{rel}","templated":true}]}}