{"id":1561,"date":"2016-11-23T15:55:31","date_gmt":"2016-11-23T17:55:31","guid":{"rendered":"https:\/\/blogs.correiobraziliense.com.br\/consumidor\/?p=1561"},"modified":"2016-11-23T15:55:31","modified_gmt":"2016-11-23T17:55:31","slug":"consumidor-diz-que-vai-gastar-menos-no-natal-mas-comercio-mantem-expectativa-positiva","status":"publish","type":"post","link":"https:\/\/blogs.correiobraziliense.com.br\/consumidor\/consumidor-diz-que-vai-gastar-menos-no-natal-mas-comercio-mantem-expectativa-positiva\/","title":{"rendered":"Consumidor diz que vai gastar menos no Natal, mesmo assim, com\u00e9rcio mant\u00e9m expectativa positiva"},"content":{"rendered":"<p>As incertezas econ\u00f4micas do pa\u00eds est\u00e3o deixando os consumidores mais cautelosos neste Natal. As fam\u00edlias est\u00e3o dispostas a gastar menos do que em edi\u00e7\u00f5es anteriores tanto nos presentes quanto nas comemora\u00e7\u00f5es. As informa\u00e7\u00f5es s\u00e3o da pesquisa da Federa\u00e7\u00e3o do Com\u00e9rcio do Distrito Federal (Fecom\u00e9rcio) divulgada nesta quarta-feira (23\/11). Os gastos com presentes, por exemplo, devem cair em 26,36%, o que indica poder de compra reduzido para o Natal e consumo t\u00edmido e seletivo.<\/p>\n<p><a href=\"http:\/\/www.correiobraziliense.com.br\/app\/noticia\/cidades\/2016\/11\/23\/interna_cidadesdf,558271\/crise-no-df-transforma-presentes-de-natal-em-lembrancinhas.shtml\">Leia mais: Crise no DF transforma presentes em lembrancinhas<\/a><\/p>\n<p>Segundo a federa\u00e7\u00e3o, o consumidor deve gastar, aproximadamente, R$ 682,68 &#8211; R$ 341,30 para presente e R$ 341,38 para comemora\u00e7\u00f5es. Em 2015, o valor do presente foi de R$ 463,56, com acr\u00e9scimo de infla\u00e7\u00e3o. A pesquisa mostrou ainda que o vestu\u00e1rio, cal\u00e7ados e brinquedos s\u00e3o os presentes preferidos dos consumidores. A maioria deles (54,9%) devem fazer compras em lojas de shopping centers e pagar com dinheiro (58,5%) ou cart\u00e3o de cr\u00e9dito (25,4%)<\/p>\n<p>A baixa expectativa dos consumidores em rela\u00e7\u00e3o ao consumo para o Natal n\u00e3o desanimou os lojistas. De acordo com a estimativa de vendas para o Natal de 2016, o \u00edndice aponta para alta de 11,7% em rela\u00e7\u00e3o ao ano anterior, quando foi medido queda de 7,28%. Entre as estrat\u00e9gias para atrair a clientela, os comerciantes est\u00e3o apostando em manter pre\u00e7os (88,2%) e fazer promo\u00e7\u00f5es.<\/p>\n<p>Segundo o levantamento, 53,1% dos comerciantes apostam que em dezembro deste ano as vendas ser\u00e3o maiores do que em 2015, enquanto 32,4% esperam vendas iguais e apenas 14,5% acreditam em vendas menores.<\/p>\n","protected":false},"excerpt":{"rendered":"<p>As incertezas econ\u00f4micas do pa\u00eds est\u00e3o deixando os consumidores mais cautelosos neste Natal. As fam\u00edlias est\u00e3o dispostas a gastar menos do que em edi\u00e7\u00f5es anteriores tanto nos presentes quanto nas comemora\u00e7\u00f5es. As informa\u00e7\u00f5es s\u00e3o da pesquisa da Federa\u00e7\u00e3o do Com\u00e9rcio do Distrito Federal (Fecom\u00e9rcio) divulgada nesta quarta-feira (23\/11). Os gastos com presentes, por exemplo, devem cair em 26,36%, o que [&hellip;]<\/p>\n","protected":false},"author":28,"featured_media":1562,"comment_status":"open","ping_status":"closed","sticky":false,"template":"","format":"standard","meta":{"footnotes":""},"categories":[144],"tags":[5,45,277,3],"class_list":["post-1561","post","type-post","status-publish","format-standard","has-post-thumbnail","hentry","category-consumidor","tag-comercio","tag-consumidor","tag-lojistas","tag-natal"],"_links":{"self":[{"href":"https:\/\/blogs.correiobraziliense.com.br\/consumidor\/wp-json\/wp\/v2\/posts\/1561","targetHints":{"allow":["GET"]}}],"collection":[{"href":"https:\/\/blogs.correiobraziliense.com.br\/consumidor\/wp-json\/wp\/v2\/posts"}],"about":[{"href":"https:\/\/blogs.correiobraziliense.com.br\/consumidor\/wp-json\/wp\/v2\/types\/post"}],"author":[{"embeddable":true,"href":"https:\/\/blogs.correiobraziliense.com.br\/consumidor\/wp-json\/wp\/v2\/users\/28"}],"replies":[{"embeddable":true,"href":"https:\/\/blogs.correiobraziliense.com.br\/consumidor\/wp-json\/wp\/v2\/comments?post=1561"}],"version-history":[{"count":1,"href":"https:\/\/blogs.correiobraziliense.com.br\/consumidor\/wp-json\/wp\/v2\/posts\/1561\/revisions"}],"predecessor-version":[{"id":1563,"href":"https:\/\/blogs.correiobraziliense.com.br\/consumidor\/wp-json\/wp\/v2\/posts\/1561\/revisions\/1563"}],"wp:featuredmedia":[{"embeddable":true,"href":"https:\/\/blogs.correiobraziliense.com.br\/consumidor\/wp-json\/wp\/v2\/media\/1562"}],"wp:attachment":[{"href":"https:\/\/blogs.correiobraziliense.com.br\/consumidor\/wp-json\/wp\/v2\/media?parent=1561"}],"wp:term":[{"taxonomy":"category","embeddable":true,"href":"https:\/\/blogs.correiobraziliense.com.br\/consumidor\/wp-json\/wp\/v2\/categories?post=1561"},{"taxonomy":"post_tag","embeddable":true,"href":"https:\/\/blogs.correiobraziliense.com.br\/consumidor\/wp-json\/wp\/v2\/tags?post=1561"}],"curies":[{"name":"wp","href":"https:\/\/api.w.org\/{rel}","templated":true}]}}