{"id":1558,"date":"2016-11-22T16:52:53","date_gmt":"2016-11-22T18:52:53","guid":{"rendered":"https:\/\/blogs.correiobraziliense.com.br\/consumidor\/?p=1558"},"modified":"2016-11-22T16:52:53","modified_gmt":"2016-11-22T18:52:53","slug":"condominio-nao-pode-criar-taxa-extra-para-luzes-de-natal","status":"publish","type":"post","link":"https:\/\/blogs.correiobraziliense.com.br\/consumidor\/condominio-nao-pode-criar-taxa-extra-para-luzes-de-natal\/","title":{"rendered":"Condom\u00ednio n\u00e3o pode criar taxa extra para luzes de Natal"},"content":{"rendered":"<figure id=\"attachment_1559\" aria-describedby=\"caption-attachment-1559\" style=\"width: 633px\" class=\"wp-caption aligncenter\"><a href=\"https:\/\/blogs.correiobraziliense.com.br\/consumidor\/wp-content\/uploads\/sites\/11\/2016\/11\/CBPFOT131220131090.jpg\" rel=\"attachment wp-att-1559\"><img loading=\"lazy\" decoding=\"async\" class=\" wp-image-1559\" src=\"https:\/\/blogs.correiobraziliense.com.br\/consumidor\/wp-content\/uploads\/sites\/11\/2016\/11\/CBPFOT131220131090.jpg\" alt=\"Cr\u00e9dito: Ed Alves\/CB\/D.A Press. \" width=\"633\" height=\"437\" srcset=\"https:\/\/blogs.correiobraziliense.com.br\/consumidor\/wp-content\/uploads\/sites\/11\/2016\/11\/CBPFOT131220131090.jpg 800w, https:\/\/blogs.correiobraziliense.com.br\/consumidor\/wp-content\/uploads\/sites\/11\/2016\/11\/CBPFOT131220131090-300x207.jpg 300w, https:\/\/blogs.correiobraziliense.com.br\/consumidor\/wp-content\/uploads\/sites\/11\/2016\/11\/CBPFOT131220131090-768x530.jpg 768w, https:\/\/blogs.correiobraziliense.com.br\/consumidor\/wp-content\/uploads\/sites\/11\/2016\/11\/CBPFOT131220131090-350x242.jpg 350w, https:\/\/blogs.correiobraziliense.com.br\/consumidor\/wp-content\/uploads\/sites\/11\/2016\/11\/CBPFOT131220131090-550x380.jpg 550w, https:\/\/blogs.correiobraziliense.com.br\/consumidor\/wp-content\/uploads\/sites\/11\/2016\/11\/CBPFOT131220131090-230x159.jpg 230w\" sizes=\"auto, (max-width: 633px) 100vw, 633px\" \/><\/a><figcaption id=\"caption-attachment-1559\" class=\"wp-caption-text\">Cr\u00e9dito: Ed Alves\/CB\/D.A Press.<\/figcaption><\/figure>\n<p>A ilumina\u00e7\u00e3o de Natal que enfeita as fachadas dos pr\u00e9dios n\u00e3o podem ser feitas com cobran\u00e7a extra para os moradores do condom\u00ednio. A decora\u00e7\u00e3o deve ser feita com o dinheiro existente do condom\u00ednio e prevista no or\u00e7amento anual como despesa comum.<\/p>\n<p>Segundo o consultor de administra\u00e7\u00e3o condominial Aldo J\u00fanior, a taxa extra s\u00f3 pode ser gasta para obras e benfeitorias ao condom\u00ednio, o que n\u00e3o encaixaria as luzes de Natal. Ele alerta ainda que os cond\u00f4minos podem pedir, via assembleia, a extin\u00e7\u00e3o da decora\u00e7\u00e3o se julgarem necess\u00e1rio. \u201cPor exemplo, se o custo da energia el\u00e9trica sobe muito e os cond\u00f4minos n\u00e3o conseguem pagar, eles podem pedir para n\u00e3o ter ilumina\u00e7\u00e3o, mas tudo tem que ser votado\u201d, explica.<\/p>\n<p>Aldo lembra ainda que cabe ao Conselho Fiscal a fiscaliza\u00e7\u00e3o se o s\u00edndico est\u00e1 usando a taxa extra para compra de itens do or\u00e7amento ordin\u00e1rio, como as luzes de Natal.<\/p>\n","protected":false},"excerpt":{"rendered":"<p>A ilumina\u00e7\u00e3o de Natal que enfeita as fachadas dos pr\u00e9dios n\u00e3o podem ser feitas com cobran\u00e7a extra para os moradores do condom\u00ednio. A decora\u00e7\u00e3o deve ser feita com o dinheiro existente do condom\u00ednio e prevista no or\u00e7amento anual como despesa comum. Segundo o consultor de administra\u00e7\u00e3o condominial Aldo J\u00fanior, a taxa extra s\u00f3 pode ser gasta para obras e benfeitorias [&hellip;]<\/p>\n","protected":false},"author":28,"featured_media":0,"comment_status":"open","ping_status":"closed","sticky":false,"template":"","format":"standard","meta":{"footnotes":""},"categories":[144],"tags":[275,276,260],"class_list":["post-1558","post","type-post","status-publish","format-standard","hentry","category-consumidor","tag-condominio","tag-sindico","tag-taxa-extra"],"_links":{"self":[{"href":"https:\/\/blogs.correiobraziliense.com.br\/consumidor\/wp-json\/wp\/v2\/posts\/1558","targetHints":{"allow":["GET"]}}],"collection":[{"href":"https:\/\/blogs.correiobraziliense.com.br\/consumidor\/wp-json\/wp\/v2\/posts"}],"about":[{"href":"https:\/\/blogs.correiobraziliense.com.br\/consumidor\/wp-json\/wp\/v2\/types\/post"}],"author":[{"embeddable":true,"href":"https:\/\/blogs.correiobraziliense.com.br\/consumidor\/wp-json\/wp\/v2\/users\/28"}],"replies":[{"embeddable":true,"href":"https:\/\/blogs.correiobraziliense.com.br\/consumidor\/wp-json\/wp\/v2\/comments?post=1558"}],"version-history":[{"count":1,"href":"https:\/\/blogs.correiobraziliense.com.br\/consumidor\/wp-json\/wp\/v2\/posts\/1558\/revisions"}],"predecessor-version":[{"id":1560,"href":"https:\/\/blogs.correiobraziliense.com.br\/consumidor\/wp-json\/wp\/v2\/posts\/1558\/revisions\/1560"}],"wp:attachment":[{"href":"https:\/\/blogs.correiobraziliense.com.br\/consumidor\/wp-json\/wp\/v2\/media?parent=1558"}],"wp:term":[{"taxonomy":"category","embeddable":true,"href":"https:\/\/blogs.correiobraziliense.com.br\/consumidor\/wp-json\/wp\/v2\/categories?post=1558"},{"taxonomy":"post_tag","embeddable":true,"href":"https:\/\/blogs.correiobraziliense.com.br\/consumidor\/wp-json\/wp\/v2\/tags?post=1558"}],"curies":[{"name":"wp","href":"https:\/\/api.w.org\/{rel}","templated":true}]}}