{"id":1541,"date":"2016-11-08T12:17:01","date_gmt":"2016-11-08T14:17:01","guid":{"rendered":"https:\/\/blogs.correiobraziliense.com.br\/consumidor\/?p=1541"},"modified":"2016-11-08T12:17:01","modified_gmt":"2016-11-08T14:17:01","slug":"caesb-afirma-que-nao-ha-previsao-de-racionamento-nesta-semana","status":"publish","type":"post","link":"https:\/\/blogs.correiobraziliense.com.br\/consumidor\/caesb-afirma-que-nao-ha-previsao-de-racionamento-nesta-semana\/","title":{"rendered":"Caesb afirma que n\u00e3o h\u00e1 previs\u00e3o de racionamento nesta semana\u00a0"},"content":{"rendered":"<p>A Companhia de Saneamento Ambiental do Distrito Federal (Caesb) comunicou nesta ter\u00e7a-feira (8\/11) que n\u00e3o h\u00e1 cortes previstos para esta semana por conta da crise h\u00eddrica. Desde que os reservat\u00f3rios atingiram n\u00edveis m\u00ednimos, a empresa precisa enviar semanalmente \u00e0 Ag\u00eancia Reguladora de \u00c1guas (Adasa) um Plano Semanal de Restri\u00e7\u00e3o de Abastecimento. Para esta semana, nenhuma regi\u00e3o deve sofrer racionamento.<\/p>\n<p>A empresa destacou que o plano\u00a0de restri\u00e7\u00e3o\u00a0\u00e9 diferente da falta de \u00e1gua programada. Esta \u00faltima \u00e9 para manuten\u00e7\u00e3o do sistema e ocorre todo o ano, independentemente da crise h\u00eddrica. Por isso, nesta ter\u00e7a a Asa Norte est\u00e1 sem \u00e1gua em algumas quadras e Samambaia vai ficar sem o servi\u00e7o.<\/p>\n<p><strong>Confira os endere\u00e7os de falta de \u00e1gua programada:<\/strong><\/p>\n<p><strong>Asa Norte:<\/strong><\/p>\n<p>SQN\/SCLN 408 a 416;<br \/>\nSQN\/SCLN 208 a 2016;<br \/>\nSGAN 611;<br \/>\nEsta\u00e7\u00e3o de Tratamento de Esgotos Norte &#8211; ETE Norte<\/p>\n<p><strong>Samambaia:<\/strong><\/p>\n<p>QR\/QS\/QN: 421, 423, 425, 427, 429, 431 e 433;<br \/>\nQR\/QS\/QN: 623, 625, 627, 629, 631 e 633;<br \/>\nQR\/QS\/QN: 1027, 1029, 1031 e 1033;<br \/>\nETE Samambaia\/Melchior;<br \/>\nAterro Sanit\u00e1rio<\/p>\n<p>&nbsp;<\/p>\n","protected":false},"excerpt":{"rendered":"<p>A Companhia de Saneamento Ambiental do Distrito Federal (Caesb) comunicou nesta ter\u00e7a-feira (8\/11) que n\u00e3o h\u00e1 cortes previstos para esta semana por conta da crise h\u00eddrica. Desde que os reservat\u00f3rios atingiram n\u00edveis m\u00ednimos, a empresa precisa enviar semanalmente \u00e0 Ag\u00eancia Reguladora de \u00c1guas (Adasa) um Plano Semanal de Restri\u00e7\u00e3o de Abastecimento. Para esta semana, nenhuma regi\u00e3o deve sofrer racionamento. A [&hellip;]<\/p>\n","protected":false},"author":28,"featured_media":0,"comment_status":"open","ping_status":"closed","sticky":false,"template":"","format":"standard","meta":{"footnotes":""},"categories":[144],"tags":[],"class_list":["post-1541","post","type-post","status-publish","format-standard","hentry","category-consumidor"],"_links":{"self":[{"href":"https:\/\/blogs.correiobraziliense.com.br\/consumidor\/wp-json\/wp\/v2\/posts\/1541","targetHints":{"allow":["GET"]}}],"collection":[{"href":"https:\/\/blogs.correiobraziliense.com.br\/consumidor\/wp-json\/wp\/v2\/posts"}],"about":[{"href":"https:\/\/blogs.correiobraziliense.com.br\/consumidor\/wp-json\/wp\/v2\/types\/post"}],"author":[{"embeddable":true,"href":"https:\/\/blogs.correiobraziliense.com.br\/consumidor\/wp-json\/wp\/v2\/users\/28"}],"replies":[{"embeddable":true,"href":"https:\/\/blogs.correiobraziliense.com.br\/consumidor\/wp-json\/wp\/v2\/comments?post=1541"}],"version-history":[{"count":1,"href":"https:\/\/blogs.correiobraziliense.com.br\/consumidor\/wp-json\/wp\/v2\/posts\/1541\/revisions"}],"predecessor-version":[{"id":1542,"href":"https:\/\/blogs.correiobraziliense.com.br\/consumidor\/wp-json\/wp\/v2\/posts\/1541\/revisions\/1542"}],"wp:attachment":[{"href":"https:\/\/blogs.correiobraziliense.com.br\/consumidor\/wp-json\/wp\/v2\/media?parent=1541"}],"wp:term":[{"taxonomy":"category","embeddable":true,"href":"https:\/\/blogs.correiobraziliense.com.br\/consumidor\/wp-json\/wp\/v2\/categories?post=1541"},{"taxonomy":"post_tag","embeddable":true,"href":"https:\/\/blogs.correiobraziliense.com.br\/consumidor\/wp-json\/wp\/v2\/tags?post=1541"}],"curies":[{"name":"wp","href":"https:\/\/api.w.org\/{rel}","templated":true}]}}