{"id":1537,"date":"2016-11-04T18:46:40","date_gmt":"2016-11-04T20:46:40","guid":{"rendered":"https:\/\/blogs.correiobraziliense.com.br\/consumidor\/?p=1537"},"modified":"2016-11-05T09:49:24","modified_gmt":"2016-11-05T11:49:24","slug":"site-do-nota-legal-e-da-secretaria-de-fazenda-ficam-fora-do-ar-neste-fim-de-semana","status":"publish","type":"post","link":"https:\/\/blogs.correiobraziliense.com.br\/consumidor\/site-do-nota-legal-e-da-secretaria-de-fazenda-ficam-fora-do-ar-neste-fim-de-semana\/","title":{"rendered":"Sites do Nota Legal e da Secretaria de Fazenda ficam fora do ar neste fim de semana"},"content":{"rendered":"<p>A partir das 20h desta sexta-feira (4\/11), os portais da Secretaria de Fazenda e do Nota Legal est\u00e3o fora do ar. A previs\u00e3o \u00e9 que eles voltem a funcionar \u00e0s 6h de segunda-feira (6\/11).<\/p>\n<p><a href=\"https:\/\/blogs.correiobraziliense.com.br\/consumidor\/\" target=\"_blank\">Leia mais not\u00edcias sobre consumidor<\/a><\/p>\n<p>De acordo com a Secretaria, os canais passam por manuten\u00e7\u00e3o para melhora de seguran\u00e7a e desempenho.<\/p>\n<p>&nbsp;<\/p>\n<div><\/div>\n","protected":false},"excerpt":{"rendered":"<p>A partir das 20h desta sexta-feira (4\/11), os portais da Secretaria de Fazenda e do Nota Legal est\u00e3o fora do ar. A previs\u00e3o \u00e9 que eles voltem a funcionar \u00e0s 6h de segunda-feira (6\/11). Leia mais not\u00edcias sobre consumidor De acordo com a Secretaria, os canais passam por manuten\u00e7\u00e3o para melhora de seguran\u00e7a e desempenho. &nbsp;<\/p>\n","protected":false},"author":28,"featured_media":0,"comment_status":"open","ping_status":"closed","sticky":false,"template":"","format":"standard","meta":{"footnotes":""},"categories":[144],"tags":[],"class_list":["post-1537","post","type-post","status-publish","format-standard","hentry","category-consumidor"],"_links":{"self":[{"href":"https:\/\/blogs.correiobraziliense.com.br\/consumidor\/wp-json\/wp\/v2\/posts\/1537","targetHints":{"allow":["GET"]}}],"collection":[{"href":"https:\/\/blogs.correiobraziliense.com.br\/consumidor\/wp-json\/wp\/v2\/posts"}],"about":[{"href":"https:\/\/blogs.correiobraziliense.com.br\/consumidor\/wp-json\/wp\/v2\/types\/post"}],"author":[{"embeddable":true,"href":"https:\/\/blogs.correiobraziliense.com.br\/consumidor\/wp-json\/wp\/v2\/users\/28"}],"replies":[{"embeddable":true,"href":"https:\/\/blogs.correiobraziliense.com.br\/consumidor\/wp-json\/wp\/v2\/comments?post=1537"}],"version-history":[{"count":2,"href":"https:\/\/blogs.correiobraziliense.com.br\/consumidor\/wp-json\/wp\/v2\/posts\/1537\/revisions"}],"predecessor-version":[{"id":1539,"href":"https:\/\/blogs.correiobraziliense.com.br\/consumidor\/wp-json\/wp\/v2\/posts\/1537\/revisions\/1539"}],"wp:attachment":[{"href":"https:\/\/blogs.correiobraziliense.com.br\/consumidor\/wp-json\/wp\/v2\/media?parent=1537"}],"wp:term":[{"taxonomy":"category","embeddable":true,"href":"https:\/\/blogs.correiobraziliense.com.br\/consumidor\/wp-json\/wp\/v2\/categories?post=1537"},{"taxonomy":"post_tag","embeddable":true,"href":"https:\/\/blogs.correiobraziliense.com.br\/consumidor\/wp-json\/wp\/v2\/tags?post=1537"}],"curies":[{"name":"wp","href":"https:\/\/api.w.org\/{rel}","templated":true}]}}