{"id":1533,"date":"2016-11-04T17:03:47","date_gmt":"2016-11-04T19:03:47","guid":{"rendered":"https:\/\/blogs.correiobraziliense.com.br\/consumidor\/?p=1533"},"modified":"2016-11-04T17:03:47","modified_gmt":"2016-11-04T19:03:47","slug":"encomendas-da-black-friday-terao-acrescimo-de-dois-dias-uteis-na-entrega-comunica-correios","status":"publish","type":"post","link":"https:\/\/blogs.correiobraziliense.com.br\/consumidor\/encomendas-da-black-friday-terao-acrescimo-de-dois-dias-uteis-na-entrega-comunica-correios\/","title":{"rendered":"Encomendas da Black Friday ter\u00e3o acr\u00e9scimo de dois dias \u00fateis na entrega, comunica Correios"},"content":{"rendered":"<p>As promo\u00e7\u00f5es da Black Friday no com\u00e9rcio eletr\u00f4nico devem atrair v\u00e1rios compradores, por isso, os Correios est\u00e3o com uma a\u00e7\u00e3o para tentar agilizar o frete por causa do volume de compras. Mesmo assim, a empresa informou que ser\u00e3o acrescidos\u00a0dois dias \u00fateis aos prazos previstos de entrega dos servi\u00e7os de encomendas dos Correios, no per\u00edodo compreendido entre a \u00faltima sexta-feira de novembro (25\/11\/16) e o \u00faltimo dia de dezembro (31\/12\/16).<\/p>\n<p><a href=\"https:\/\/blogs.correiobraziliense.com.br\/consumidor\/de-olho-na-black-friday-veja-quais-sao-os-186-sites-nao-recomendados\/\" target=\"_blank\">Leia os 186 sites n\u00e3o recomendados para compras no Black Friday<\/a><\/p>\n<p>Estima-se que as vendas em 2016 cres\u00e7am 34% em rela\u00e7\u00e3o ao ano passado. Entre as a\u00e7\u00f5es para atender o evento, que neste ano ser\u00e1 realizado no dia 25 de novembro, est\u00e3o a contrata\u00e7\u00e3o de empregados tempor\u00e1rios, investimento em linhas extras de transporte (\u00e1rea e de superf\u00edcie) e refor\u00e7o dos recursos de gerenciamento de risco de cargas.<\/p>\n<p>&nbsp;<\/p>\n<p>&nbsp;<\/p>\n","protected":false},"excerpt":{"rendered":"<p>As promo\u00e7\u00f5es da Black Friday no com\u00e9rcio eletr\u00f4nico devem atrair v\u00e1rios compradores, por isso, os Correios est\u00e3o com uma a\u00e7\u00e3o para tentar agilizar o frete por causa do volume de compras. Mesmo assim, a empresa informou que ser\u00e3o acrescidos\u00a0dois dias \u00fateis aos prazos previstos de entrega dos servi\u00e7os de encomendas dos Correios, no per\u00edodo compreendido entre a \u00faltima sexta-feira de [&hellip;]<\/p>\n","protected":false},"author":28,"featured_media":0,"comment_status":"open","ping_status":"closed","sticky":false,"template":"","format":"standard","meta":{"footnotes":""},"categories":[144],"tags":[],"class_list":["post-1533","post","type-post","status-publish","format-standard","hentry","category-consumidor"],"_links":{"self":[{"href":"https:\/\/blogs.correiobraziliense.com.br\/consumidor\/wp-json\/wp\/v2\/posts\/1533","targetHints":{"allow":["GET"]}}],"collection":[{"href":"https:\/\/blogs.correiobraziliense.com.br\/consumidor\/wp-json\/wp\/v2\/posts"}],"about":[{"href":"https:\/\/blogs.correiobraziliense.com.br\/consumidor\/wp-json\/wp\/v2\/types\/post"}],"author":[{"embeddable":true,"href":"https:\/\/blogs.correiobraziliense.com.br\/consumidor\/wp-json\/wp\/v2\/users\/28"}],"replies":[{"embeddable":true,"href":"https:\/\/blogs.correiobraziliense.com.br\/consumidor\/wp-json\/wp\/v2\/comments?post=1533"}],"version-history":[{"count":1,"href":"https:\/\/blogs.correiobraziliense.com.br\/consumidor\/wp-json\/wp\/v2\/posts\/1533\/revisions"}],"predecessor-version":[{"id":1534,"href":"https:\/\/blogs.correiobraziliense.com.br\/consumidor\/wp-json\/wp\/v2\/posts\/1533\/revisions\/1534"}],"wp:attachment":[{"href":"https:\/\/blogs.correiobraziliense.com.br\/consumidor\/wp-json\/wp\/v2\/media?parent=1533"}],"wp:term":[{"taxonomy":"category","embeddable":true,"href":"https:\/\/blogs.correiobraziliense.com.br\/consumidor\/wp-json\/wp\/v2\/categories?post=1533"},{"taxonomy":"post_tag","embeddable":true,"href":"https:\/\/blogs.correiobraziliense.com.br\/consumidor\/wp-json\/wp\/v2\/tags?post=1533"}],"curies":[{"name":"wp","href":"https:\/\/api.w.org\/{rel}","templated":true}]}}