{"id":1527,"date":"2016-11-01T14:40:07","date_gmt":"2016-11-01T16:40:07","guid":{"rendered":"https:\/\/blogs.correiobraziliense.com.br\/consumidor\/?p=1527"},"modified":"2016-11-01T14:43:42","modified_gmt":"2016-11-01T16:43:42","slug":"petrobras-retira-subsidio-das-distribuidoras-de-gas-e-preco-sobe-para-consumidor","status":"publish","type":"post","link":"https:\/\/blogs.correiobraziliense.com.br\/consumidor\/petrobras-retira-subsidio-das-distribuidoras-de-gas-e-preco-sobe-para-consumidor\/","title":{"rendered":"Petrobras retira subs\u00eddio das distribuidoras de g\u00e1s e pre\u00e7o sobe para consumidor"},"content":{"rendered":"<p>A partir desta ter\u00e7a-feira (1\/11), o g\u00e1s de cozinha est\u00e1 mais caro.\u00a0Este \u00e9 o segundo reajuste no produto em menos de dois meses &#8211; em setembro, as distribuidoras regionais repassaram 9% de aumento \u00e0s revendedoras. O novo acr\u00e9scimo vai ocorrer porque a\u00a0Petrobras alterou os contratos de fornecimento do G\u00e1s Liquefeito de Petr\u00f3leo (GLP), usado no botij\u00e3o residencial. De acordo com a estatal, alguns subs\u00eddios dados \u00e0s distribuidoras foram retirados, o que deve ocasionar um impacto de at\u00e9 R$ 0,70 no pre\u00e7o do botij\u00e3o pago pelo consumidor.<\/p>\n<p><a href=\"https:\/\/blogs.correiobraziliense.com.br\/consumidor\/botijao-de-gas-fica-9-mais-caro-partir-de-setembro\/\" target=\"_blank\">Leia mais not\u00edcias sobre aumento de g\u00e1s<\/a><\/p>\n<p>Segundo c\u00e1lculos da empresa, o impacto estimado\u00a0sobre os pre\u00e7os do botij\u00e3o de 13 kg, que \u00e9 a refer\u00eancia para uso residencial, \u00e9 de R$ 0,20 por unidade, na m\u00e9dia brasileira. O que representa 0,36% no pre\u00e7o do botij\u00e3o que custa R$ 55, por exemplo. De acordo com c\u00e1lculos internos, o impacto m\u00e1ximo, desconsiderando a m\u00e9dia nacional, n\u00e3o deve ultrapassar R$ 0,70 por botij\u00e3o nos pre\u00e7os cobrados pela Petrobras \u00e0s distribuidoras.<\/p>\n<p>Entre os subs\u00eddios retirados das distribuidoras est\u00e1, por exemplo, o da estocagem em tanques da Petrobras. O\u00a0pre\u00e7o cobrado de quem usa a infraestrutura da companhia era o mesmo aplicado a clientes que n\u00e3o usam. A partir de agora passa a ser diferenciado, sendo inferior para quem disp\u00f5e de infraestrutura pr\u00f3pria ou carrega o GLP direto do navio da cabotagem, estimulando as distribuidoras a investirem em armazenamento.<\/p>\n<p>A companhia reiterou que n\u00e3o houve mudan\u00e7a na tabela de custos e na tarifa\u00e7\u00e3o. &#8220;A\u00a0companhia alterou os contratos de fornecimento de GLP com as distribuidoras para melhor refletir custos de log\u00edstica que tipicamente deveriam por elas ser cobertos, mas que eram suportados pela companhia. \u00c9 um movimento semelhante ao que foi realizado h\u00e1 dois anos para os contratos de fornecimento de diesel e gasolina&#8221;, esclareceu.<\/p>\n<p>&nbsp;<\/p>\n","protected":false},"excerpt":{"rendered":"<p>A partir desta ter\u00e7a-feira (1\/11), o g\u00e1s de cozinha est\u00e1 mais caro.\u00a0Este \u00e9 o segundo reajuste no produto em menos de dois meses &#8211; em setembro, as distribuidoras regionais repassaram 9% de aumento \u00e0s revendedoras. O novo acr\u00e9scimo vai ocorrer porque a\u00a0Petrobras alterou os contratos de fornecimento do G\u00e1s Liquefeito de Petr\u00f3leo (GLP), usado no botij\u00e3o residencial. De acordo com [&hellip;]<\/p>\n","protected":false},"author":28,"featured_media":1529,"comment_status":"open","ping_status":"closed","sticky":false,"template":"","format":"standard","meta":{"footnotes":""},"categories":[144],"tags":[],"class_list":["post-1527","post","type-post","status-publish","format-standard","has-post-thumbnail","hentry","category-consumidor"],"_links":{"self":[{"href":"https:\/\/blogs.correiobraziliense.com.br\/consumidor\/wp-json\/wp\/v2\/posts\/1527","targetHints":{"allow":["GET"]}}],"collection":[{"href":"https:\/\/blogs.correiobraziliense.com.br\/consumidor\/wp-json\/wp\/v2\/posts"}],"about":[{"href":"https:\/\/blogs.correiobraziliense.com.br\/consumidor\/wp-json\/wp\/v2\/types\/post"}],"author":[{"embeddable":true,"href":"https:\/\/blogs.correiobraziliense.com.br\/consumidor\/wp-json\/wp\/v2\/users\/28"}],"replies":[{"embeddable":true,"href":"https:\/\/blogs.correiobraziliense.com.br\/consumidor\/wp-json\/wp\/v2\/comments?post=1527"}],"version-history":[{"count":1,"href":"https:\/\/blogs.correiobraziliense.com.br\/consumidor\/wp-json\/wp\/v2\/posts\/1527\/revisions"}],"predecessor-version":[{"id":1528,"href":"https:\/\/blogs.correiobraziliense.com.br\/consumidor\/wp-json\/wp\/v2\/posts\/1527\/revisions\/1528"}],"wp:featuredmedia":[{"embeddable":true,"href":"https:\/\/blogs.correiobraziliense.com.br\/consumidor\/wp-json\/wp\/v2\/media\/1529"}],"wp:attachment":[{"href":"https:\/\/blogs.correiobraziliense.com.br\/consumidor\/wp-json\/wp\/v2\/media?parent=1527"}],"wp:term":[{"taxonomy":"category","embeddable":true,"href":"https:\/\/blogs.correiobraziliense.com.br\/consumidor\/wp-json\/wp\/v2\/categories?post=1527"},{"taxonomy":"post_tag","embeddable":true,"href":"https:\/\/blogs.correiobraziliense.com.br\/consumidor\/wp-json\/wp\/v2\/tags?post=1527"}],"curies":[{"name":"wp","href":"https:\/\/api.w.org\/{rel}","templated":true}]}}