{"id":1521,"date":"2016-10-31T17:07:59","date_gmt":"2016-10-31T19:07:59","guid":{"rendered":"https:\/\/blogs.correiobraziliense.com.br\/consumidor\/?p=1521"},"modified":"2016-10-31T17:17:43","modified_gmt":"2016-10-31T19:17:43","slug":"caminhoes-pipa-lava-jatos-e-postos-de-combustiveis-sao-obrigados-reduzir-consumo-de-agua","status":"publish","type":"post","link":"https:\/\/blogs.correiobraziliense.com.br\/consumidor\/caminhoes-pipa-lava-jatos-e-postos-de-combustiveis-sao-obrigados-reduzir-consumo-de-agua\/","title":{"rendered":"Caminh\u00f5es-pipa, lava a jatos e postos de combust\u00edveis s\u00e3o obrigados a reduzir uso de \u00e1gua"},"content":{"rendered":"<p>A Ag\u00eancia Reguladora de \u00c1guas (Adasa) divulgou nesta segunda-feira (31\/10) duas resolu\u00e7\u00f5es para restringir o uso da \u00e1gua no Distrito Federal. Uma delas reduz o hor\u00e1rio de capta\u00e7\u00e3o para caminh\u00f5es-pipa das 6h para 14h; antes, os ve\u00edculos poderiam pegar \u00e1gua em qualquer hor\u00e1rio. E apenas um ve\u00edculo pode fazer a capta\u00e7\u00e3o por vez.<\/p>\n<p><a href=\"https:\/\/blogs.correiobraziliense.com.br\/consumidor\" target=\"_blank\">Leia mais not\u00edcias sobre crise h\u00eddrica<\/a><\/p>\n<p>A outra resolu\u00e7\u00e3o diminuiu pela metade a vaz\u00e3o de usu\u00e1rios de \u00e1gua subterr\u00e2nea, como lava a jatos e postos de combust\u00edveis. Tamb\u00e9m ficaram suspensas as concess\u00f5es de novas outorgas para capta\u00e7\u00e3o de \u00e1gua subterr\u00e2nea e por caminh\u00f5es-pipa.\u00a0Segundo a ag\u00eancia, o objetivo \u00e9 &#8220;assegurar os usos priorit\u00e1rios dos recursos h\u00eddricos e o abastecimento h\u00eddrico do DF&#8221;.<\/p>\n<p>As resolu\u00e7\u00f5es tamb\u00e9m trazem puni\u00e7\u00f5es em caso de descumprimento. De acordo com a Adasa, a\u00a0multa ser\u00e1 proporcional \u00e0 gravidade da infra\u00e7\u00e3o e os valores podem variar de R$ 10.001 a R$ 100.000.<\/p>\n<p>Segundo a Adasa, o\u00a0Sindicato do Com\u00e9rcio Varejista de Combust\u00edveis e Lubrificantes do Distrito Federal (Sindicombust\u00edveis) e a ag\u00eancia firmaram acordo para restri\u00e7\u00e3o \u00e0 irriga\u00e7\u00e3o dos jardins, \u00e0 lavagem de para-brisas nas plataformas de abastecimento. Ficou acertado tamb\u00e9m que os maquin\u00e1rios para limpeza dos carros seriam recalibrados ou substitu\u00eddos por outros que demandem menos \u00e1gua.<\/p>\n<p>A Associa\u00e7\u00e3o dos Propriet\u00e1rios de Caminh\u00f5es-Pipa (ACAPI\/DF) tamb\u00e9m participou de reuni\u00e3o com os t\u00e9cnicos da Adasa para estabelecer as novas regras para capta\u00e7\u00e3o de \u00e1gua. O Distrito Federal possui 11 pontos de capta\u00e7\u00e3o para esse uso. Mais de 500 ve\u00edculos possuem outorga.<\/p>\n<p>&nbsp;<\/p>\n","protected":false},"excerpt":{"rendered":"<p>A Ag\u00eancia Reguladora de \u00c1guas (Adasa) divulgou nesta segunda-feira (31\/10) duas resolu\u00e7\u00f5es para restringir o uso da \u00e1gua no Distrito Federal. Uma delas reduz o hor\u00e1rio de capta\u00e7\u00e3o para caminh\u00f5es-pipa das 6h para 14h; antes, os ve\u00edculos poderiam pegar \u00e1gua em qualquer hor\u00e1rio. E apenas um ve\u00edculo pode fazer a capta\u00e7\u00e3o por vez. Leia mais not\u00edcias sobre crise h\u00eddrica A [&hellip;]<\/p>\n","protected":false},"author":28,"featured_media":1523,"comment_status":"open","ping_status":"closed","sticky":false,"template":"","format":"standard","meta":{"footnotes":""},"categories":[144],"tags":[],"class_list":["post-1521","post","type-post","status-publish","format-standard","has-post-thumbnail","hentry","category-consumidor"],"_links":{"self":[{"href":"https:\/\/blogs.correiobraziliense.com.br\/consumidor\/wp-json\/wp\/v2\/posts\/1521","targetHints":{"allow":["GET"]}}],"collection":[{"href":"https:\/\/blogs.correiobraziliense.com.br\/consumidor\/wp-json\/wp\/v2\/posts"}],"about":[{"href":"https:\/\/blogs.correiobraziliense.com.br\/consumidor\/wp-json\/wp\/v2\/types\/post"}],"author":[{"embeddable":true,"href":"https:\/\/blogs.correiobraziliense.com.br\/consumidor\/wp-json\/wp\/v2\/users\/28"}],"replies":[{"embeddable":true,"href":"https:\/\/blogs.correiobraziliense.com.br\/consumidor\/wp-json\/wp\/v2\/comments?post=1521"}],"version-history":[{"count":3,"href":"https:\/\/blogs.correiobraziliense.com.br\/consumidor\/wp-json\/wp\/v2\/posts\/1521\/revisions"}],"predecessor-version":[{"id":1525,"href":"https:\/\/blogs.correiobraziliense.com.br\/consumidor\/wp-json\/wp\/v2\/posts\/1521\/revisions\/1525"}],"wp:featuredmedia":[{"embeddable":true,"href":"https:\/\/blogs.correiobraziliense.com.br\/consumidor\/wp-json\/wp\/v2\/media\/1523"}],"wp:attachment":[{"href":"https:\/\/blogs.correiobraziliense.com.br\/consumidor\/wp-json\/wp\/v2\/media?parent=1521"}],"wp:term":[{"taxonomy":"category","embeddable":true,"href":"https:\/\/blogs.correiobraziliense.com.br\/consumidor\/wp-json\/wp\/v2\/categories?post=1521"},{"taxonomy":"post_tag","embeddable":true,"href":"https:\/\/blogs.correiobraziliense.com.br\/consumidor\/wp-json\/wp\/v2\/tags?post=1521"}],"curies":[{"name":"wp","href":"https:\/\/api.w.org\/{rel}","templated":true}]}}