{"id":15,"date":"2015-01-20T11:45:00","date_gmt":"2015-01-20T13:45:00","guid":{"rendered":"https:\/\/blogs.correiobraziliense.com.br\/consumidor\/carnes_de_ipva_vao_chegar_com_um_mes_de_antecedencia\/"},"modified":"2016-05-13T19:34:32","modified_gmt":"2016-05-13T22:34:32","slug":"carnes_de_ipva_vao_chegar_com_um_mes_de_antecedencia","status":"publish","type":"post","link":"https:\/\/blogs.correiobraziliense.com.br\/consumidor\/carnes_de_ipva_vao_chegar_com_um_mes_de_antecedencia\/","title":{"rendered":"Carn\u00eas de IPVA v\u00e3o chegar com um m\u00eas de anteced\u00eancia"},"content":{"rendered":"\n<p>Em busca de arrecada\u00e7\u00e3o e dinheiro em caixa mais r\u00e1pido, a Secretaria de Fazenda do Distrito Federal (SEF-DF) adiantou em um m\u00eas o calend\u00e1rio de pagamento do Imposto sobre a Propriedade Automotiva (IPVA). Em 2015, o contribuinte vai pagar a cota \u00fanica ou a primeira das tr\u00eas parcelas j\u00e1 em mar\u00e7o. Nos exerc\u00edcios anteriores, o prazo foi abril. Em compensa\u00e7\u00e3o, o in\u00edcio da cobran\u00e7a do Imposto sobre a Propriedade Predial e Territorial Urbana (IPTU) ser\u00e1 adiado em um m\u00eas e come\u00e7ar\u00e1 a ser pago em junho, no ano passado come\u00e7ou em maio.  <\/p>\n<p>De acordo com informa\u00e7\u00f5es da Secretaria de Fazenda, a mudan\u00e7a do calend\u00e1rio de pagamento do IPTU e IPVA foi feita em 2014, ainda na gest\u00e3o Agnelo Queiroz e n\u00e3o tem liga\u00e7\u00e3o com o pacote de medidas de austeridade prometido pelo governador Rodrigo Rollemberg. Mas, via nota, a SEF-DF afirmou que \u201ca medida tamb\u00e9m ajuda o Estado a otimizar o fluxo de caixa na medida que melhor distribuiu o recolhimento de tributos\u201d.  <\/p>\n<p>A pasta explicou que o adiantamento do IPVA em 2015 ser\u00e1 poss\u00edvel porque o prazo de indica\u00e7\u00e3o do Nota Legal para os impostos acaba ainda em janeiro, nos anos anteriores, a data limite foi fevereiro. Por fim, a ideia \u00e9 que o consumidor que opte pelo parcelamento n\u00e3o tenha que pagar cotas de dois impostos de uma vez, como ocorria anteriormente.  <\/p>\n<p>A especialista em direito do consumidor Ildecer Amorim explica que o adiantamento da cobran\u00e7a do imposto pode ser feita em qualquer per\u00edodo. \u201cO Estado pode alterar. A conveni\u00eancia \u00e9 da administra\u00e7\u00e3o p\u00fablica. Por\u00e9m, a cobran\u00e7a do imposto tem que ser feita no ano em quest\u00e3o. Ou seja, se o tributo refere-se ao exerc\u00edcio de 2015, tem que ser cobrado neste ano\u201d, explica.  <\/p>\n<p>O presidente da Comiss\u00e3o de Assuntos Tribut\u00e1rios da Ordem de Advogados do Brasil no DF, Jacques Veloso, lembra que a decis\u00e3o do m\u00eas do ano em que o pagamento do imposto deve ser feito \u00e9 cabe ao Estado, tanto que n\u00e3o depende de lei, pode ser feito por decreto ou portaria. \u201cO Estado pode antecipar o calend\u00e1rio, como pode tamb\u00e9m decidir por n\u00e3o ter parcelamento. \u00c9 uma liberalidade do Estado\u201d, informa.  <\/p>\n<p>Sem aumentos  <\/p>\n<p>Para 2015, o governo do Distrito Federal pretende arrecadar R$ 1,4 bilh\u00e3o, sendo R$ 648 milh\u00f5es de IPTU e R$ 780 milh\u00f5es de IPVA. N\u00e3o houve aumento de al\u00edquotas ou da base de c\u00e1lculo, o imposto dos im\u00f3veis foi corrigido pela infla\u00e7\u00e3o dos \u00faltimos 12 meses (6,33%) sobre o valor venal dos bens. J\u00e1 o tributos sobre os autom\u00f3veis deve diminuir cerca de 2%, uma vez que o reajuste \u00e9 baseado no valor de mercado do ve\u00edculo indicado pela tabela da Funda\u00e7\u00e3o Instituto de Pesquisas Econ\u00f4micas (Fipe), como os carros sofrem desvaloriza\u00e3o, a tend\u00eancia \u00e9 a queda de pre\u00e7os.  <\/p>\n<p>PAGAMENTO IPVA  <\/p>\n<p>FINAL DA PLACA&nbsp;&nbsp;&nbsp; 1\u00aa PARCELA OU COTA \u00daNICA&nbsp;&nbsp;&nbsp;&nbsp;&nbsp;&nbsp;&nbsp; 2\u00aa&nbsp;&nbsp;&nbsp;&nbsp;&nbsp;&nbsp;&nbsp; 3\u00aa&nbsp; &nbsp;  <\/p>\n<p>1 e 2&nbsp;&nbsp;&nbsp;&nbsp;&nbsp;&nbsp;&nbsp;&nbsp;&nbsp;&nbsp;&nbsp;&nbsp;&nbsp;&nbsp;&nbsp;&nbsp;&nbsp;&nbsp;&nbsp;&nbsp;&nbsp;&nbsp;&nbsp;&nbsp;&nbsp;&nbsp;&nbsp;&nbsp;&nbsp;&nbsp;&nbsp;&nbsp;&nbsp; 9\/3&nbsp;&nbsp;&nbsp;&nbsp;&nbsp;&nbsp;&nbsp;&nbsp;&nbsp;&nbsp;&nbsp;&nbsp;&nbsp;&nbsp;&nbsp;&nbsp;&nbsp;&nbsp;&nbsp;&nbsp;&nbsp;&nbsp;&nbsp;&nbsp;&nbsp;&nbsp;&nbsp;&nbsp;&nbsp;&nbsp;&nbsp;&nbsp;&nbsp;&nbsp;&nbsp;&nbsp;&nbsp;&nbsp;&nbsp;&nbsp;&nbsp;&nbsp;&nbsp;&nbsp;&nbsp;&nbsp;&nbsp;&nbsp;&nbsp; 13\/4&nbsp;&nbsp;&nbsp;&nbsp;&nbsp;&nbsp;&nbsp; 14\/5  <\/p>\n<p>3 e 4&nbsp;&nbsp;&nbsp;&nbsp;&nbsp;&nbsp;&nbsp;&nbsp;&nbsp;&nbsp;&nbsp;&nbsp;&nbsp;&nbsp;&nbsp;&nbsp;&nbsp;&nbsp;&nbsp;&nbsp;&nbsp;&nbsp;&nbsp;&nbsp;&nbsp;&nbsp;&nbsp;&nbsp;&nbsp;&nbsp;&nbsp;&nbsp;&nbsp; 10\/3&nbsp;&nbsp;&nbsp;&nbsp;&nbsp;&nbsp;&nbsp;&nbsp;&nbsp;&nbsp;&nbsp;&nbsp;&nbsp;&nbsp;&nbsp;&nbsp;&nbsp;&nbsp;&nbsp;&nbsp;&nbsp;&nbsp;&nbsp;&nbsp;&nbsp;&nbsp;&nbsp;&nbsp;&nbsp;&nbsp;&nbsp;&nbsp;&nbsp;&nbsp;&nbsp;&nbsp;&nbsp;&nbsp;&nbsp;&nbsp;&nbsp;&nbsp;&nbsp;&nbsp;&nbsp;&nbsp;&nbsp; 14\/4&nbsp;&nbsp;&nbsp;&nbsp;&nbsp;&nbsp;&nbsp; 15\/6  <\/p>\n<p>5 e 6&nbsp;&nbsp;&nbsp;&nbsp;&nbsp;&nbsp;&nbsp;&nbsp;&nbsp;&nbsp;&nbsp;&nbsp;&nbsp;&nbsp;&nbsp;&nbsp;&nbsp;&nbsp;&nbsp;&nbsp;&nbsp;&nbsp;&nbsp;&nbsp;&nbsp;&nbsp;&nbsp;&nbsp;&nbsp;&nbsp;&nbsp;&nbsp;&nbsp; 11\/3&nbsp;&nbsp;&nbsp;&nbsp;&nbsp;&nbsp;&nbsp;&nbsp;&nbsp;&nbsp;&nbsp;&nbsp;&nbsp;&nbsp;&nbsp;&nbsp;&nbsp;&nbsp;&nbsp;&nbsp;&nbsp;&nbsp;&nbsp;&nbsp;&nbsp;&nbsp;&nbsp;&nbsp;&nbsp;&nbsp;&nbsp;&nbsp;&nbsp;&nbsp;&nbsp;&nbsp;&nbsp;&nbsp;&nbsp;&nbsp;&nbsp;&nbsp;&nbsp;&nbsp;&nbsp;&nbsp;&nbsp; 15\/4&nbsp;&nbsp;&nbsp;&nbsp;&nbsp;&nbsp;&nbsp; 16\/6  <\/p>\n<p>7 e 8&nbsp;&nbsp;&nbsp;&nbsp;&nbsp;&nbsp;&nbsp;&nbsp;&nbsp;&nbsp;&nbsp;&nbsp;&nbsp;&nbsp;&nbsp;&nbsp;&nbsp;&nbsp;&nbsp;&nbsp;&nbsp;&nbsp;&nbsp;&nbsp;&nbsp;&nbsp;&nbsp;&nbsp;&nbsp;&nbsp;&nbsp;&nbsp;&nbsp; 12\/3&nbsp;&nbsp;&nbsp;&nbsp;&nbsp;&nbsp;&nbsp;&nbsp;&nbsp;&nbsp;&nbsp;&nbsp;&nbsp;&nbsp;&nbsp;&nbsp;&nbsp;&nbsp;&nbsp;&nbsp;&nbsp;&nbsp;&nbsp;&nbsp;&nbsp;&nbsp;&nbsp;&nbsp;&nbsp;&nbsp;&nbsp;&nbsp;&nbsp;&nbsp;&nbsp;&nbsp;&nbsp;&nbsp;&nbsp;&nbsp;&nbsp;&nbsp;&nbsp;&nbsp;&nbsp;&nbsp;&nbsp; 16\/4&nbsp;&nbsp;&nbsp;&nbsp;&nbsp;&nbsp;&nbsp; 17\/6  <\/p>\n<p>9 e 0&nbsp;&nbsp;&nbsp;&nbsp;&nbsp;&nbsp;&nbsp;&nbsp;&nbsp;&nbsp;&nbsp;&nbsp;&nbsp;&nbsp;&nbsp;&nbsp;&nbsp;&nbsp;&nbsp;&nbsp;&nbsp;&nbsp;&nbsp;&nbsp;&nbsp;&nbsp;&nbsp;&nbsp;&nbsp;&nbsp;&nbsp;&nbsp;&nbsp; 13\/3&nbsp;&nbsp;&nbsp;&nbsp;&nbsp;&nbsp;&nbsp;&nbsp;&nbsp;&nbsp;&nbsp;&nbsp;&nbsp;&nbsp;&nbsp;&nbsp;&nbsp;&nbsp;&nbsp;&nbsp;&nbsp;&nbsp;&nbsp;&nbsp;&nbsp;&nbsp;&nbsp;&nbsp;&nbsp;&nbsp;&nbsp;&nbsp;&nbsp;&nbsp;&nbsp;&nbsp;&nbsp;&nbsp;&nbsp;&nbsp;&nbsp;&nbsp;&nbsp;&nbsp;&nbsp;&nbsp;&nbsp; 17\/4&nbsp;&nbsp;&nbsp;&nbsp;&nbsp;&nbsp;&nbsp; 18\/6  <\/p>\n<p>PAGAMENTO IPTU  <\/p>\n<p>FINAL DA INSCRI\u00c7\u00c3O&nbsp;&nbsp;&nbsp;&nbsp; 1\u00aa&nbsp;&nbsp;&nbsp;&nbsp;&nbsp;&nbsp; 2\u00aa&nbsp;&nbsp;&nbsp;&nbsp;&nbsp;&nbsp; 3\u00aa&nbsp;&nbsp;&nbsp;&nbsp;&nbsp; &nbsp; 4\u00aa&nbsp;&nbsp; &nbsp; &nbsp;&nbsp;&nbsp;&nbsp; 5\u00aa&nbsp;&nbsp; &nbsp; &nbsp; &nbsp; &nbsp; &nbsp; 6\u00aa  <\/p>\n<p>1 e 2&nbsp;&nbsp;&nbsp;&nbsp;&nbsp;&nbsp;&nbsp;&nbsp;&nbsp;&nbsp;&nbsp;&nbsp;&nbsp;&nbsp;&nbsp;&nbsp;&nbsp;&nbsp;&nbsp;&nbsp;&nbsp;&nbsp;&nbsp;&nbsp;&nbsp;&nbsp;&nbsp;&nbsp;&nbsp;&nbsp;&nbsp;&nbsp;&nbsp;&nbsp;&nbsp;&nbsp;&nbsp; 8\/6&nbsp;&nbsp;&nbsp;&nbsp; 9\/7&nbsp;&nbsp;&nbsp;&nbsp;&nbsp; 10\/8&nbsp;&nbsp;&nbsp; 11\/9&nbsp;&nbsp;&nbsp; 13\/10&nbsp;&nbsp;&nbsp; 13\/11  <\/p>\n<p>3 e 4&nbsp;&nbsp;&nbsp;&nbsp;&nbsp;&nbsp;&nbsp;&nbsp;&nbsp;&nbsp;&nbsp;&nbsp;&nbsp;&nbsp;&nbsp;&nbsp;&nbsp;&nbsp;&nbsp;&nbsp;&nbsp;&nbsp;&nbsp;&nbsp;&nbsp;&nbsp;&nbsp;&nbsp;&nbsp;&nbsp;&nbsp;&nbsp;&nbsp;&nbsp;&nbsp;&nbsp;&nbsp; 9\/6&nbsp;&nbsp;&nbsp;&nbsp; 10\/7&nbsp;&nbsp;&nbsp; 11\/8&nbsp;&nbsp;&nbsp; 14\/9&nbsp;&nbsp;&nbsp; 14\/10&nbsp;&nbsp;&nbsp; 16\/11  <\/p>\n<p>5 e 6 &nbsp; &nbsp; &nbsp; &nbsp; &nbsp; &nbsp; &nbsp; &nbsp; &nbsp; &nbsp; &nbsp; &nbsp; &nbsp; &nbsp;&nbsp;&nbsp;&nbsp;&nbsp;&nbsp;&nbsp;&nbsp;&nbsp;&nbsp; 10\/6&nbsp;&nbsp; 13\/7&nbsp;&nbsp;&nbsp; 13\/8&nbsp;&nbsp;&nbsp; 15\/9&nbsp;&nbsp;&nbsp; 15\/10&nbsp;&nbsp;&nbsp; 17\/11  <\/p>\n<p>7 e 8&nbsp;&nbsp;&nbsp;&nbsp;&nbsp;&nbsp;&nbsp;&nbsp;&nbsp;&nbsp;&nbsp;&nbsp;&nbsp;&nbsp;&nbsp;&nbsp;&nbsp;&nbsp;&nbsp;&nbsp;&nbsp;&nbsp;&nbsp;&nbsp;&nbsp;&nbsp;&nbsp;&nbsp;&nbsp;&nbsp;&nbsp;&nbsp;&nbsp;&nbsp;&nbsp;&nbsp;&nbsp; 11\/6&nbsp;&nbsp; 14\/7&nbsp;&nbsp;&nbsp; 14\/8&nbsp;&nbsp;&nbsp; 16\/9&nbsp;&nbsp;&nbsp; 16\/10&nbsp;&nbsp;&nbsp; 18\/11  <\/p>\n<p>9 e 0&nbsp;&nbsp;&nbsp;&nbsp;&nbsp;&nbsp;&nbsp;&nbsp;&nbsp;&nbsp;&nbsp;&nbsp;&nbsp;&nbsp;&nbsp;&nbsp;&nbsp;&nbsp;&nbsp;&nbsp;&nbsp;&nbsp;&nbsp;&nbsp;&nbsp;&nbsp;&nbsp;&nbsp;&nbsp;&nbsp;&nbsp;&nbsp;&nbsp;&nbsp;&nbsp;&nbsp;&nbsp; 15\/6&nbsp;&nbsp; 15\/7&nbsp;&nbsp;&nbsp; 17\/8&nbsp;&nbsp;&nbsp; 17\/9&nbsp;&nbsp;&nbsp; 19\/10&nbsp;&nbsp;&nbsp; 19\/11   <\/p>\n","protected":false},"excerpt":{"rendered":"<p>Em busca de arrecada\u00e7\u00e3o e dinheiro em caixa mais r\u00e1pido, a Secretaria de Fazenda do Distrito Federal (SEF-DF) adiantou em um m\u00eas o calend\u00e1rio de pagamento do Imposto sobre a Propriedade Automotiva (IPVA). Em 2015, o contribuinte vai pagar a cota \u00fanica ou a primeira das tr\u00eas parcelas j\u00e1 em mar\u00e7o. Nos exerc\u00edcios anteriores, o prazo foi abril. Em compensa\u00e7\u00e3o, [&hellip;]<\/p>\n","protected":false},"author":28,"featured_media":0,"comment_status":"open","ping_status":"closed","sticky":false,"template":"","format":"standard","meta":{"footnotes":""},"categories":[1],"tags":[],"class_list":["post-15","post","type-post","status-publish","format-standard","hentry","category-sem-categoria"],"_links":{"self":[{"href":"https:\/\/blogs.correiobraziliense.com.br\/consumidor\/wp-json\/wp\/v2\/posts\/15","targetHints":{"allow":["GET"]}}],"collection":[{"href":"https:\/\/blogs.correiobraziliense.com.br\/consumidor\/wp-json\/wp\/v2\/posts"}],"about":[{"href":"https:\/\/blogs.correiobraziliense.com.br\/consumidor\/wp-json\/wp\/v2\/types\/post"}],"author":[{"embeddable":true,"href":"https:\/\/blogs.correiobraziliense.com.br\/consumidor\/wp-json\/wp\/v2\/users\/28"}],"replies":[{"embeddable":true,"href":"https:\/\/blogs.correiobraziliense.com.br\/consumidor\/wp-json\/wp\/v2\/comments?post=15"}],"version-history":[{"count":1,"href":"https:\/\/blogs.correiobraziliense.com.br\/consumidor\/wp-json\/wp\/v2\/posts\/15\/revisions"}],"predecessor-version":[{"id":1148,"href":"https:\/\/blogs.correiobraziliense.com.br\/consumidor\/wp-json\/wp\/v2\/posts\/15\/revisions\/1148"}],"wp:attachment":[{"href":"https:\/\/blogs.correiobraziliense.com.br\/consumidor\/wp-json\/wp\/v2\/media?parent=15"}],"wp:term":[{"taxonomy":"category","embeddable":true,"href":"https:\/\/blogs.correiobraziliense.com.br\/consumidor\/wp-json\/wp\/v2\/categories?post=15"},{"taxonomy":"post_tag","embeddable":true,"href":"https:\/\/blogs.correiobraziliense.com.br\/consumidor\/wp-json\/wp\/v2\/tags?post=15"}],"curies":[{"name":"wp","href":"https:\/\/api.w.org\/{rel}","templated":true}]}}