{"id":147,"date":"2012-06-11T17:27:00","date_gmt":"2012-06-11T20:27:00","guid":{"rendered":"https:\/\/blogs.correiobraziliense.com.br\/consumidor\/claro_e_condenada_por_inclusao_indevida_no_cadastro_de_inadimplentes\/"},"modified":"2012-06-11T17:27:00","modified_gmt":"2012-06-11T20:27:00","slug":"claro_e_condenada_por_inclusao_indevida_no_cadastro_de_inadimplentes","status":"publish","type":"post","link":"https:\/\/blogs.correiobraziliense.com.br\/consumidor\/claro_e_condenada_por_inclusao_indevida_no_cadastro_de_inadimplentes\/","title":{"rendered":"Claro \u00e9 condenada por inclus\u00e3o indevida no cadastro de inadimplentes"},"content":{"rendered":"<p>A Claro Telefonia foi condenada a pagar  indeniza\u00e7\u00e3o por danos morais no valor de R$ 6 mil por inclus\u00e3o indevida  em cadastros de inadimplentes. O autor da a\u00e7\u00e3o n\u00e3o assinou contrato com  a empresa, tampouco se beneficiou do servi\u00e7o de telefonia.   <\/p>\n<p>O autor foi surpreendido ao constatar que a empresa incluiu seu nome em  \u00f3rg\u00e3os de prote\u00e7\u00e3o ao credito por conta do inadimplemento de duas  presta\u00e7\u00f5es de R$ 233,17 cada. No entanto, jamais teve qualquer rela\u00e7\u00e3o  com a Claro.  <\/p>\n<p>A Claro argumentou que prestou os servi\u00e7os de boa-f\u00e9 e que o dano causado \u00e9 culpa exclusiva de terceiros.  <\/p>\n<p>O juiz da 21\u00aa Vara C\u00edvel do DF decidiu que a empresa n\u00e3o promoveu o devido controle sobre a  identidade de quem contratou se apresentando com o nome da parte autora.  Ao massificar a realiza\u00e7\u00e3o dos neg\u00f3cios a empresa reduz os cuidados no  controle dos atos, assumindo com isso o risco de contratar com pessoas  que agem fraudulentamente.  <\/p>\n<p>Al\u00e9m da indeniza\u00e7\u00e3o no valor de R$ 6 mil, o juiz determinou a  exclus\u00e3o dos registros efetuados pela r\u00e9 em bancos de dados de devedores  relacionados aos d\u00e9bitos.  <\/p>\n<p>Cabe recurso da senten\u00e7a.<br style=\"font-style: italic\"><br style=\"font-style: italic\">Com informa\u00e7\u00f5es do TJDFT <\/p>\n","protected":false},"excerpt":{"rendered":"<p>A Claro Telefonia foi condenada a pagar indeniza\u00e7\u00e3o por danos morais no valor de R$ 6 mil por inclus\u00e3o indevida em cadastros de inadimplentes. O autor da a\u00e7\u00e3o n\u00e3o assinou contrato com a empresa, tampouco se beneficiou do servi\u00e7o de telefonia. O autor foi surpreendido ao constatar que a empresa incluiu seu nome em \u00f3rg\u00e3os de prote\u00e7\u00e3o ao credito por [&hellip;]<\/p>\n","protected":false},"author":28,"featured_media":0,"comment_status":"open","ping_status":"open","sticky":false,"template":"","format":"standard","meta":{"footnotes":""},"categories":[1],"tags":[],"class_list":["post-147","post","type-post","status-publish","format-standard","hentry","category-sem-categoria"],"_links":{"self":[{"href":"https:\/\/blogs.correiobraziliense.com.br\/consumidor\/wp-json\/wp\/v2\/posts\/147","targetHints":{"allow":["GET"]}}],"collection":[{"href":"https:\/\/blogs.correiobraziliense.com.br\/consumidor\/wp-json\/wp\/v2\/posts"}],"about":[{"href":"https:\/\/blogs.correiobraziliense.com.br\/consumidor\/wp-json\/wp\/v2\/types\/post"}],"author":[{"embeddable":true,"href":"https:\/\/blogs.correiobraziliense.com.br\/consumidor\/wp-json\/wp\/v2\/users\/28"}],"replies":[{"embeddable":true,"href":"https:\/\/blogs.correiobraziliense.com.br\/consumidor\/wp-json\/wp\/v2\/comments?post=147"}],"version-history":[{"count":0,"href":"https:\/\/blogs.correiobraziliense.com.br\/consumidor\/wp-json\/wp\/v2\/posts\/147\/revisions"}],"wp:attachment":[{"href":"https:\/\/blogs.correiobraziliense.com.br\/consumidor\/wp-json\/wp\/v2\/media?parent=147"}],"wp:term":[{"taxonomy":"category","embeddable":true,"href":"https:\/\/blogs.correiobraziliense.com.br\/consumidor\/wp-json\/wp\/v2\/categories?post=147"},{"taxonomy":"post_tag","embeddable":true,"href":"https:\/\/blogs.correiobraziliense.com.br\/consumidor\/wp-json\/wp\/v2\/tags?post=147"}],"curies":[{"name":"wp","href":"https:\/\/api.w.org\/{rel}","templated":true}]}}