{"id":1462,"date":"2016-10-18T15:25:31","date_gmt":"2016-10-18T17:25:31","guid":{"rendered":"https:\/\/blogs.correiobraziliense.com.br\/consumidor\/?p=1462"},"modified":"2016-10-18T15:53:32","modified_gmt":"2016-10-18T17:53:32","slug":"energia-eletrica-fica-461-mais-cara-para-consumidores-residenciais","status":"publish","type":"post","link":"https:\/\/blogs.correiobraziliense.com.br\/consumidor\/energia-eletrica-fica-461-mais-cara-para-consumidores-residenciais\/","title":{"rendered":"Energia el\u00e9trica fica 4,61% mais cara para consumidores residenciais"},"content":{"rendered":"<p>A partir do pr\u00f3ximo s\u00e1bado (22\/10), os consumidores residenciais e os pequenos com\u00e9rcios do Distrito Federal ter\u00e3o acr\u00e9scimo de 4,61% na fatura de energia el\u00e9trica. Os industriais e grandes estabelecimentos comerciais como shopping centers pagar\u00e3o 1,04% a mais. O aumento foi aprovado nesta ter\u00e7a-feira (18\/10) pela Ag\u00eancia Nacional de Energia El\u00e9trica (Aneel) e faz parte da revis\u00e3o tarif\u00e1ria anual da Companhia Energ\u00e9tica de Bras\u00edlia (CEB). Na m\u00e9dia entre alta e baixa tens\u00e3o, o reajuste ser\u00e1 de 3,42%.<\/p>\n<p><a href=\"https:\/\/blogs.correiobraziliense.com.br\/consumidor\/a_ceb_esta_passando_uma_crise_financeira_muito_severa_afirma_presidente_da_ceb\/\" target=\"_blank\">Leia mais sobre a CEB\u00a0<\/a><\/p>\n<p>As contas com o valor a mais vir\u00e3o para 1,024 milh\u00e3o de unidades, sendo que mais de 90% delas s\u00e3o resid\u00eancias e com\u00e9rcios. Para a composi\u00e7\u00e3o da fatura do pr\u00f3ximo m\u00eas, a empresa vai mesclar os dias com e sem aumento. Por exemplo, se a medi\u00e7\u00e3o ocorre dia 25, o consumidor vai pagar tr\u00eas dias de acr\u00e9scimo.<\/p>\n<p>O reajuste deste ano \u00e9 menor do que o de exerc\u00edcios anteriores. Em 2015, o consumidor teve acr\u00e9scimo de 18,36% na tarifa ordin\u00e1ria, mais 24,1% na extraordin\u00e1ria, em um total de 46,88% de aumento.\u00a0Segundo a CEB,\u00a0uma das explica\u00e7\u00f5es para o \u00edndice mais baixo \u00e9 a inclus\u00e3o das bandeiras tarif\u00e1rias, o que contribuiu para diluir o aumento ao longo dos meses.<\/p>\n","protected":false},"excerpt":{"rendered":"<p>A partir do pr\u00f3ximo s\u00e1bado (22\/10), os consumidores residenciais e os pequenos com\u00e9rcios do Distrito Federal ter\u00e3o acr\u00e9scimo de 4,61% na fatura de energia el\u00e9trica. Os industriais e grandes estabelecimentos comerciais como shopping centers pagar\u00e3o 1,04% a mais. O aumento foi aprovado nesta ter\u00e7a-feira (18\/10) pela Ag\u00eancia Nacional de Energia El\u00e9trica (Aneel) e faz parte da revis\u00e3o tarif\u00e1ria anual da [&hellip;]<\/p>\n","protected":false},"author":28,"featured_media":1464,"comment_status":"open","ping_status":"closed","sticky":false,"template":"","format":"standard","meta":{"footnotes":""},"categories":[144],"tags":[106,104,107,105],"class_list":["post-1462","post","type-post","status-publish","format-standard","has-post-thumbnail","hentry","category-consumidor","tag-aneel","tag-ceb","tag-energia-eletrica","tag-reajuste"],"_links":{"self":[{"href":"https:\/\/blogs.correiobraziliense.com.br\/consumidor\/wp-json\/wp\/v2\/posts\/1462","targetHints":{"allow":["GET"]}}],"collection":[{"href":"https:\/\/blogs.correiobraziliense.com.br\/consumidor\/wp-json\/wp\/v2\/posts"}],"about":[{"href":"https:\/\/blogs.correiobraziliense.com.br\/consumidor\/wp-json\/wp\/v2\/types\/post"}],"author":[{"embeddable":true,"href":"https:\/\/blogs.correiobraziliense.com.br\/consumidor\/wp-json\/wp\/v2\/users\/28"}],"replies":[{"embeddable":true,"href":"https:\/\/blogs.correiobraziliense.com.br\/consumidor\/wp-json\/wp\/v2\/comments?post=1462"}],"version-history":[{"count":3,"href":"https:\/\/blogs.correiobraziliense.com.br\/consumidor\/wp-json\/wp\/v2\/posts\/1462\/revisions"}],"predecessor-version":[{"id":1466,"href":"https:\/\/blogs.correiobraziliense.com.br\/consumidor\/wp-json\/wp\/v2\/posts\/1462\/revisions\/1466"}],"wp:featuredmedia":[{"embeddable":true,"href":"https:\/\/blogs.correiobraziliense.com.br\/consumidor\/wp-json\/wp\/v2\/media\/1464"}],"wp:attachment":[{"href":"https:\/\/blogs.correiobraziliense.com.br\/consumidor\/wp-json\/wp\/v2\/media?parent=1462"}],"wp:term":[{"taxonomy":"category","embeddable":true,"href":"https:\/\/blogs.correiobraziliense.com.br\/consumidor\/wp-json\/wp\/v2\/categories?post=1462"},{"taxonomy":"post_tag","embeddable":true,"href":"https:\/\/blogs.correiobraziliense.com.br\/consumidor\/wp-json\/wp\/v2\/tags?post=1462"}],"curies":[{"name":"wp","href":"https:\/\/api.w.org\/{rel}","templated":true}]}}