{"id":1412,"date":"2016-10-04T16:12:43","date_gmt":"2016-10-04T19:12:43","guid":{"rendered":"https:\/\/blogs.correiobraziliense.com.br\/consumidor\/?p=1412"},"modified":"2016-10-04T16:12:43","modified_gmt":"2016-10-04T19:12:43","slug":"comerciantes-esperam-aumento-de-371-nas-vendas-para-o-dia-das-criancas-no-df","status":"publish","type":"post","link":"https:\/\/blogs.correiobraziliense.com.br\/consumidor\/comerciantes-esperam-aumento-de-371-nas-vendas-para-o-dia-das-criancas-no-df\/","title":{"rendered":"Comerciantes esperam aumento de 3,71% nas vendas para o Dia das Crian\u00e7as no DF"},"content":{"rendered":"<p>O varejo do Distrito Federal espera crescimento de 3,71% para o Dia das Crian\u00e7as de 2016, em rela\u00e7\u00e3o ao ano passado.\u00a0Entre os empres\u00e1rios entrevistados, 43,8% declararam que aguardam vendas maiores do que 2015. J\u00e1 34,3% apostam em vendas iguais e 22% disseram que as vendas ser\u00e3o piores. Os dados s\u00e3o do Instituto Fecom\u00e9rcio. Em 2015, a perspectiva era de queda de 0,03%.<\/p>\n<p>Para justificar a melhora, os comerciantes est\u00e3o se apegando ao fato de que\u00a056,2% dos entrevistados t\u00eam a inten\u00e7\u00e3o de presentear. A maioria dos consumidores que ir\u00e1 \u00e0s compras vai gastar com brinquedos (57,7%); vestu\u00e1rio (56,8%); cal\u00e7ados (48%); chocolate (14,1%); eletr\u00f4nicos (10,6%) e artigos esportivos (6,2%).<\/p>\n<p>O pre\u00e7o m\u00e9dio do presente foi estimado pelos comerciantes em R$ 161,65. J\u00e1 os consumidores estimam que gastar\u00e3o, em m\u00e9dia, R$ 118,26.\u00a0A forma de pagamento mais citada foi cart\u00e3o de cr\u00e9dito (40,1%), como segunda op\u00e7\u00e3o o dinheiro (35,4%).<\/p>\n<p>Embora os varejistas estejam mais otimistas, apenas 15% declararam que v\u00e3o ampliar os estoques. Em 2014, esse \u00edndice era de 50,4%.<\/p>\n","protected":false},"excerpt":{"rendered":"<p>O varejo do Distrito Federal espera crescimento de 3,71% para o Dia das Crian\u00e7as de 2016, em rela\u00e7\u00e3o ao ano passado.\u00a0Entre os empres\u00e1rios entrevistados, 43,8% declararam que aguardam vendas maiores do que 2015. J\u00e1 34,3% apostam em vendas iguais e 22% disseram que as vendas ser\u00e3o piores. Os dados s\u00e3o do Instituto Fecom\u00e9rcio. Em 2015, a perspectiva era de queda [&hellip;]<\/p>\n","protected":false},"author":28,"featured_media":1413,"comment_status":"open","ping_status":"closed","sticky":false,"template":"","format":"standard","meta":{"footnotes":""},"categories":[144],"tags":[45,219,110,220],"class_list":["post-1412","post","type-post","status-publish","format-standard","has-post-thumbnail","hentry","category-consumidor","tag-consumidor","tag-dia-das-criancas","tag-fecomercio","tag-venda"],"_links":{"self":[{"href":"https:\/\/blogs.correiobraziliense.com.br\/consumidor\/wp-json\/wp\/v2\/posts\/1412","targetHints":{"allow":["GET"]}}],"collection":[{"href":"https:\/\/blogs.correiobraziliense.com.br\/consumidor\/wp-json\/wp\/v2\/posts"}],"about":[{"href":"https:\/\/blogs.correiobraziliense.com.br\/consumidor\/wp-json\/wp\/v2\/types\/post"}],"author":[{"embeddable":true,"href":"https:\/\/blogs.correiobraziliense.com.br\/consumidor\/wp-json\/wp\/v2\/users\/28"}],"replies":[{"embeddable":true,"href":"https:\/\/blogs.correiobraziliense.com.br\/consumidor\/wp-json\/wp\/v2\/comments?post=1412"}],"version-history":[{"count":1,"href":"https:\/\/blogs.correiobraziliense.com.br\/consumidor\/wp-json\/wp\/v2\/posts\/1412\/revisions"}],"predecessor-version":[{"id":1414,"href":"https:\/\/blogs.correiobraziliense.com.br\/consumidor\/wp-json\/wp\/v2\/posts\/1412\/revisions\/1414"}],"wp:featuredmedia":[{"embeddable":true,"href":"https:\/\/blogs.correiobraziliense.com.br\/consumidor\/wp-json\/wp\/v2\/media\/1413"}],"wp:attachment":[{"href":"https:\/\/blogs.correiobraziliense.com.br\/consumidor\/wp-json\/wp\/v2\/media?parent=1412"}],"wp:term":[{"taxonomy":"category","embeddable":true,"href":"https:\/\/blogs.correiobraziliense.com.br\/consumidor\/wp-json\/wp\/v2\/categories?post=1412"},{"taxonomy":"post_tag","embeddable":true,"href":"https:\/\/blogs.correiobraziliense.com.br\/consumidor\/wp-json\/wp\/v2\/tags?post=1412"}],"curies":[{"name":"wp","href":"https:\/\/api.w.org\/{rel}","templated":true}]}}