{"id":1391,"date":"2016-09-28T19:16:02","date_gmt":"2016-09-28T22:16:02","guid":{"rendered":"https:\/\/blogs.correiobraziliense.com.br\/consumidor\/?p=1391"},"modified":"2016-09-28T19:24:47","modified_gmt":"2016-09-28T22:24:47","slug":"fique-de-olho-sete-vendas-casadas-que-o-consumidor-nao-pode-aceitar","status":"publish","type":"post","link":"https:\/\/blogs.correiobraziliense.com.br\/consumidor\/fique-de-olho-sete-vendas-casadas-que-o-consumidor-nao-pode-aceitar\/","title":{"rendered":"Sete vendas casadas que o consumidor n\u00e3o pode aceitar"},"content":{"rendered":"<p style=\"text-align: center\"><strong>1.<\/strong> Financiamento do im\u00f3vel condicionado ao seguro habitacional<\/p>\n<p><a href=\"https:\/\/blogs.correiobraziliense.com.br\/consumidor\/wp-content\/uploads\/sites\/11\/2016\/09\/CBPILU270420150839-1.jpg\" rel=\"attachment wp-att-1392\"><img loading=\"lazy\" decoding=\"async\" class=\"wp-image-1392 aligncenter\" src=\"https:\/\/blogs.correiobraziliense.com.br\/consumidor\/wp-content\/uploads\/sites\/11\/2016\/09\/CBPILU270420150839-1.jpg\" alt=\"Cr\u00e9dito: Lucas Pac\u00edfico\/CB\/D.A Press\" width=\"307\" height=\"269\" srcset=\"https:\/\/blogs.correiobraziliense.com.br\/consumidor\/wp-content\/uploads\/sites\/11\/2016\/09\/CBPILU270420150839-1.jpg 800w, https:\/\/blogs.correiobraziliense.com.br\/consumidor\/wp-content\/uploads\/sites\/11\/2016\/09\/CBPILU270420150839-1-300x263.jpg 300w, https:\/\/blogs.correiobraziliense.com.br\/consumidor\/wp-content\/uploads\/sites\/11\/2016\/09\/CBPILU270420150839-1-768x674.jpg 768w, https:\/\/blogs.correiobraziliense.com.br\/consumidor\/wp-content\/uploads\/sites\/11\/2016\/09\/CBPILU270420150839-1-350x307.jpg 350w, https:\/\/blogs.correiobraziliense.com.br\/consumidor\/wp-content\/uploads\/sites\/11\/2016\/09\/CBPILU270420150839-1-550x483.jpg 550w, https:\/\/blogs.correiobraziliense.com.br\/consumidor\/wp-content\/uploads\/sites\/11\/2016\/09\/CBPILU270420150839-1-230x202.jpg 230w\" sizes=\"auto, (max-width: 307px) 100vw, 307px\" \/><\/a><\/p>\n<p>&nbsp;<\/p>\n<p style=\"text-align: center\"><strong>2.<\/strong> Cart\u00f5es de cr\u00e9dito associados a seguros ou t\u00edtulos de capitaliza\u00e7\u00e3o<\/p>\n<p style=\"text-align: center\"><a href=\"https:\/\/blogs.correiobraziliense.com.br\/consumidor\/wp-content\/uploads\/sites\/11\/2016\/09\/CBPILU270420150838.jpg\" rel=\"attachment wp-att-1393\"><img loading=\"lazy\" decoding=\"async\" class=\"alignnone wp-image-1393\" src=\"https:\/\/blogs.correiobraziliense.com.br\/consumidor\/wp-content\/uploads\/sites\/11\/2016\/09\/CBPILU270420150838.jpg\" alt=\"\" width=\"288\" height=\"297\" srcset=\"https:\/\/blogs.correiobraziliense.com.br\/consumidor\/wp-content\/uploads\/sites\/11\/2016\/09\/CBPILU270420150838.jpg 800w, https:\/\/blogs.correiobraziliense.com.br\/consumidor\/wp-content\/uploads\/sites\/11\/2016\/09\/CBPILU270420150838-292x300.jpg 292w, https:\/\/blogs.correiobraziliense.com.br\/consumidor\/wp-content\/uploads\/sites\/11\/2016\/09\/CBPILU270420150838-768x790.jpg 768w, https:\/\/blogs.correiobraziliense.com.br\/consumidor\/wp-content\/uploads\/sites\/11\/2016\/09\/CBPILU270420150838-340x350.jpg 340w, https:\/\/blogs.correiobraziliense.com.br\/consumidor\/wp-content\/uploads\/sites\/11\/2016\/09\/CBPILU270420150838-550x566.jpg 550w, https:\/\/blogs.correiobraziliense.com.br\/consumidor\/wp-content\/uploads\/sites\/11\/2016\/09\/CBPILU270420150838-230x237.jpg 230w\" sizes=\"auto, (max-width: 288px) 100vw, 288px\" \/><\/a><\/p>\n<p style=\"text-align: center\"><strong>3.\u00a0<\/strong>Combos com servi\u00e7os de internet, telefone e TV que n\u00e3o s\u00e3o vendidos separadamente<\/p>\n<p style=\"text-align: center\"><a href=\"https:\/\/blogs.correiobraziliense.com.br\/consumidor\/wp-content\/uploads\/sites\/11\/2016\/09\/CBPILU060520150397-1.jpg\" rel=\"attachment wp-att-1394\"><img loading=\"lazy\" decoding=\"async\" class=\"alignnone wp-image-1394\" src=\"https:\/\/blogs.correiobraziliense.com.br\/consumidor\/wp-content\/uploads\/sites\/11\/2016\/09\/CBPILU060520150397-1.jpg\" alt=\"\" width=\"636\" height=\"225\" srcset=\"https:\/\/blogs.correiobraziliense.com.br\/consumidor\/wp-content\/uploads\/sites\/11\/2016\/09\/CBPILU060520150397-1.jpg 800w, https:\/\/blogs.correiobraziliense.com.br\/consumidor\/wp-content\/uploads\/sites\/11\/2016\/09\/CBPILU060520150397-1-300x106.jpg 300w, https:\/\/blogs.correiobraziliense.com.br\/consumidor\/wp-content\/uploads\/sites\/11\/2016\/09\/CBPILU060520150397-1-768x272.jpg 768w, https:\/\/blogs.correiobraziliense.com.br\/consumidor\/wp-content\/uploads\/sites\/11\/2016\/09\/CBPILU060520150397-1-350x124.jpg 350w, https:\/\/blogs.correiobraziliense.com.br\/consumidor\/wp-content\/uploads\/sites\/11\/2016\/09\/CBPILU060520150397-1-550x195.jpg 550w, https:\/\/blogs.correiobraziliense.com.br\/consumidor\/wp-content\/uploads\/sites\/11\/2016\/09\/CBPILU060520150397-1-230x81.jpg 230w\" sizes=\"auto, (max-width: 636px) 100vw, 636px\" \/><\/a><\/p>\n<p style=\"text-align: center\"><strong>4.<\/strong> Brinquedos que s\u00f3 podem ser vendidos dentro de lanches de fast-food<\/p>\n<p style=\"text-align: center\"><a href=\"https:\/\/blogs.correiobraziliense.com.br\/consumidor\/wp-content\/uploads\/sites\/11\/2016\/09\/CBPILU150620150396.jpg\" rel=\"attachment wp-att-1395\"><img loading=\"lazy\" decoding=\"async\" class=\"alignnone wp-image-1395\" src=\"https:\/\/blogs.correiobraziliense.com.br\/consumidor\/wp-content\/uploads\/sites\/11\/2016\/09\/CBPILU150620150396.jpg\" alt=\"\" width=\"313\" height=\"410\" srcset=\"https:\/\/blogs.correiobraziliense.com.br\/consumidor\/wp-content\/uploads\/sites\/11\/2016\/09\/CBPILU150620150396.jpg 800w, https:\/\/blogs.correiobraziliense.com.br\/consumidor\/wp-content\/uploads\/sites\/11\/2016\/09\/CBPILU150620150396-229x300.jpg 229w, https:\/\/blogs.correiobraziliense.com.br\/consumidor\/wp-content\/uploads\/sites\/11\/2016\/09\/CBPILU150620150396-768x1007.jpg 768w, https:\/\/blogs.correiobraziliense.com.br\/consumidor\/wp-content\/uploads\/sites\/11\/2016\/09\/CBPILU150620150396-781x1024.jpg 781w, https:\/\/blogs.correiobraziliense.com.br\/consumidor\/wp-content\/uploads\/sites\/11\/2016\/09\/CBPILU150620150396-267x350.jpg 267w, https:\/\/blogs.correiobraziliense.com.br\/consumidor\/wp-content\/uploads\/sites\/11\/2016\/09\/CBPILU150620150396-550x721.jpg 550w, https:\/\/blogs.correiobraziliense.com.br\/consumidor\/wp-content\/uploads\/sites\/11\/2016\/09\/CBPILU150620150396-230x302.jpg 230w\" sizes=\"auto, (max-width: 313px) 100vw, 313px\" \/><\/a><\/p>\n<p style=\"text-align: center\"><strong>5.<\/strong> Consuma\u00e7\u00e3o exclusiva de produtos vendidos na sala de cinema<\/p>\n<p style=\"text-align: center\"><a href=\"https:\/\/blogs.correiobraziliense.com.br\/consumidor\/wp-content\/uploads\/sites\/11\/2016\/09\/CBPILU150920141162.jpg\" rel=\"attachment wp-att-1396\"><img loading=\"lazy\" decoding=\"async\" class=\"alignnone wp-image-1396\" src=\"https:\/\/blogs.correiobraziliense.com.br\/consumidor\/wp-content\/uploads\/sites\/11\/2016\/09\/CBPILU150920141162.jpg\" alt=\"\" width=\"324\" height=\"314\" srcset=\"https:\/\/blogs.correiobraziliense.com.br\/consumidor\/wp-content\/uploads\/sites\/11\/2016\/09\/CBPILU150920141162.jpg 800w, https:\/\/blogs.correiobraziliense.com.br\/consumidor\/wp-content\/uploads\/sites\/11\/2016\/09\/CBPILU150920141162-300x291.jpg 300w, https:\/\/blogs.correiobraziliense.com.br\/consumidor\/wp-content\/uploads\/sites\/11\/2016\/09\/CBPILU150920141162-768x745.jpg 768w, https:\/\/blogs.correiobraziliense.com.br\/consumidor\/wp-content\/uploads\/sites\/11\/2016\/09\/CBPILU150920141162-350x340.jpg 350w, https:\/\/blogs.correiobraziliense.com.br\/consumidor\/wp-content\/uploads\/sites\/11\/2016\/09\/CBPILU150920141162-550x534.jpg 550w, https:\/\/blogs.correiobraziliense.com.br\/consumidor\/wp-content\/uploads\/sites\/11\/2016\/09\/CBPILU150920141162-230x223.jpg 230w\" sizes=\"auto, (max-width: 324px) 100vw, 324px\" \/><\/a><\/p>\n<p style=\"text-align: center\"><strong>6.<\/strong> \u00a0Sal\u00e3o de festas que condicionam o aluguel do espa\u00e7o \u00e0 contrata\u00e7\u00e3o do servi\u00e7o de buf\u00ea<\/p>\n<p style=\"text-align: center\"><a href=\"https:\/\/blogs.correiobraziliense.com.br\/consumidor\/wp-content\/uploads\/sites\/11\/2016\/09\/CBPILU270220151303.jpg\" rel=\"attachment wp-att-1398\"><img loading=\"lazy\" decoding=\"async\" class=\"alignnone wp-image-1398\" src=\"https:\/\/blogs.correiobraziliense.com.br\/consumidor\/wp-content\/uploads\/sites\/11\/2016\/09\/CBPILU270220151303.jpg\" alt=\"\" width=\"274\" height=\"369\" srcset=\"https:\/\/blogs.correiobraziliense.com.br\/consumidor\/wp-content\/uploads\/sites\/11\/2016\/09\/CBPILU270220151303.jpg 800w, https:\/\/blogs.correiobraziliense.com.br\/consumidor\/wp-content\/uploads\/sites\/11\/2016\/09\/CBPILU270220151303-222x300.jpg 222w, https:\/\/blogs.correiobraziliense.com.br\/consumidor\/wp-content\/uploads\/sites\/11\/2016\/09\/CBPILU270220151303-768x1036.jpg 768w, https:\/\/blogs.correiobraziliense.com.br\/consumidor\/wp-content\/uploads\/sites\/11\/2016\/09\/CBPILU270220151303-759x1024.jpg 759w, https:\/\/blogs.correiobraziliense.com.br\/consumidor\/wp-content\/uploads\/sites\/11\/2016\/09\/CBPILU270220151303-259x350.jpg 259w, https:\/\/blogs.correiobraziliense.com.br\/consumidor\/wp-content\/uploads\/sites\/11\/2016\/09\/CBPILU270220151303-550x742.jpg 550w, https:\/\/blogs.correiobraziliense.com.br\/consumidor\/wp-content\/uploads\/sites\/11\/2016\/09\/CBPILU270220151303-230x310.jpg 230w\" sizes=\"auto, (max-width: 274px) 100vw, 274px\" \/><\/a><\/p>\n<p style=\"text-align: center\"><strong>7.<\/strong> Consuma\u00e7\u00e3o m\u00ednima em casa noturna<\/p>\n<p style=\"text-align: center\"><a href=\"https:\/\/blogs.correiobraziliense.com.br\/consumidor\/wp-content\/uploads\/sites\/11\/2016\/09\/CBPILU290820140813.jpg\" rel=\"attachment wp-att-1399\"><img loading=\"lazy\" decoding=\"async\" class=\"wp-image-1399 aligncenter\" src=\"https:\/\/blogs.correiobraziliense.com.br\/consumidor\/wp-content\/uploads\/sites\/11\/2016\/09\/CBPILU290820140813.jpg\" alt=\"\" width=\"189\" height=\"400\" srcset=\"https:\/\/blogs.correiobraziliense.com.br\/consumidor\/wp-content\/uploads\/sites\/11\/2016\/09\/CBPILU290820140813.jpg 800w, https:\/\/blogs.correiobraziliense.com.br\/consumidor\/wp-content\/uploads\/sites\/11\/2016\/09\/CBPILU290820140813-142x300.jpg 142w, https:\/\/blogs.correiobraziliense.com.br\/consumidor\/wp-content\/uploads\/sites\/11\/2016\/09\/CBPILU290820140813-768x1627.jpg 768w, https:\/\/blogs.correiobraziliense.com.br\/consumidor\/wp-content\/uploads\/sites\/11\/2016\/09\/CBPILU290820140813-483x1024.jpg 483w, https:\/\/blogs.correiobraziliense.com.br\/consumidor\/wp-content\/uploads\/sites\/11\/2016\/09\/CBPILU290820140813-165x350.jpg 165w, https:\/\/blogs.correiobraziliense.com.br\/consumidor\/wp-content\/uploads\/sites\/11\/2016\/09\/CBPILU290820140813-550x1165.jpg 550w, https:\/\/blogs.correiobraziliense.com.br\/consumidor\/wp-content\/uploads\/sites\/11\/2016\/09\/CBPILU290820140813-230x487.jpg 230w\" sizes=\"auto, (max-width: 189px) 100vw, 189px\" \/><\/a><\/p>\n<p style=\"text-align: center\">Se o consumidor passar por uma dessas situa\u00e7\u00f5es pode denunciar no Procon de sua cidade. A venda casada \u00e9 proibida pelo C\u00f3digo de Defesa do Consumidor (CDC) no artigo 39, I. \u00a0&#8220;\u00c9 vedado ao fornecedor de produtos ou servi\u00e7os, dentre outras pr\u00e1ticas abusivas: condicionar o fornecimento de produto ou de servi\u00e7o ao fornecimento de outro produto ou servi\u00e7o, bem como, sem justa causa, a limites quantitativos&#8221;.<\/p>\n","protected":false},"excerpt":{"rendered":"<p>1. Financiamento do im\u00f3vel condicionado ao seguro habitacional &nbsp; 2. Cart\u00f5es de cr\u00e9dito associados a seguros ou t\u00edtulos de capitaliza\u00e7\u00e3o 3.\u00a0Combos com servi\u00e7os de internet, telefone e TV que n\u00e3o s\u00e3o vendidos separadamente 4. Brinquedos que s\u00f3 podem ser vendidos dentro de lanches de fast-food 5. Consuma\u00e7\u00e3o exclusiva de produtos vendidos na sala de cinema 6. \u00a0Sal\u00e3o de festas que [&hellip;]<\/p>\n","protected":false},"author":28,"featured_media":0,"comment_status":"open","ping_status":"closed","sticky":false,"template":"","format":"standard","meta":{"footnotes":""},"categories":[144],"tags":[210,208,15,209],"class_list":["post-1391","post","type-post","status-publish","format-standard","hentry","category-consumidor","tag-abuso","tag-codigo-de-defesa-do-consumidor","tag-procon","tag-venda-casada"],"_links":{"self":[{"href":"https:\/\/blogs.correiobraziliense.com.br\/consumidor\/wp-json\/wp\/v2\/posts\/1391","targetHints":{"allow":["GET"]}}],"collection":[{"href":"https:\/\/blogs.correiobraziliense.com.br\/consumidor\/wp-json\/wp\/v2\/posts"}],"about":[{"href":"https:\/\/blogs.correiobraziliense.com.br\/consumidor\/wp-json\/wp\/v2\/types\/post"}],"author":[{"embeddable":true,"href":"https:\/\/blogs.correiobraziliense.com.br\/consumidor\/wp-json\/wp\/v2\/users\/28"}],"replies":[{"embeddable":true,"href":"https:\/\/blogs.correiobraziliense.com.br\/consumidor\/wp-json\/wp\/v2\/comments?post=1391"}],"version-history":[{"count":4,"href":"https:\/\/blogs.correiobraziliense.com.br\/consumidor\/wp-json\/wp\/v2\/posts\/1391\/revisions"}],"predecessor-version":[{"id":1403,"href":"https:\/\/blogs.correiobraziliense.com.br\/consumidor\/wp-json\/wp\/v2\/posts\/1391\/revisions\/1403"}],"wp:attachment":[{"href":"https:\/\/blogs.correiobraziliense.com.br\/consumidor\/wp-json\/wp\/v2\/media?parent=1391"}],"wp:term":[{"taxonomy":"category","embeddable":true,"href":"https:\/\/blogs.correiobraziliense.com.br\/consumidor\/wp-json\/wp\/v2\/categories?post=1391"},{"taxonomy":"post_tag","embeddable":true,"href":"https:\/\/blogs.correiobraziliense.com.br\/consumidor\/wp-json\/wp\/v2\/tags?post=1391"}],"curies":[{"name":"wp","href":"https:\/\/api.w.org\/{rel}","templated":true}]}}