{"id":139,"date":"2012-05-31T18:46:00","date_gmt":"2012-05-31T21:46:00","guid":{"rendered":"https:\/\/blogs.correiobraziliense.com.br\/consumidor\/consumidor_podera_reclamar_no_procon_pela_internet\/"},"modified":"2012-05-31T18:46:00","modified_gmt":"2012-05-31T21:46:00","slug":"consumidor_podera_reclamar_no_procon_pela_internet","status":"publish","type":"post","link":"https:\/\/blogs.correiobraziliense.com.br\/consumidor\/consumidor_podera_reclamar_no_procon_pela_internet\/","title":{"rendered":"Consumidor poder\u00e1 reclamar no Procon pela internet"},"content":{"rendered":"<p>A partir de amanh\u00e3 os consumidores do Distrito Federal ter\u00e3o um novo canal para denunciarem problemas com as empresas. Isso porque o Procon-DF vai lan\u00e7ar uma p\u00e1gina na internet onde o p\u00fablico pode reclamar e obter orienta\u00e7\u00f5es. \u00c9 a primeira vez que um Procon brasileiro disponibiliza todos os servi\u00e7os presenciais na rede.   <\/p>\n<p>Por 90 dias a p\u00e1gina funcionar\u00e1 em car\u00e1ter experimental das 16h \u00e0s 20h, todos os dias, inclusive feriados. O plano do Procon \u00e9 de que as solicita\u00e7\u00f5es enviadas pela internet sejam resolvidas, no m\u00e1ximo,em 72 horas.   <\/p>\n<p>Para utilizar o Procon Digital, os consumidores dever\u00e3o fazer um cadastro com dados b\u00e1sicos, como nome completo, e-mail, localiza\u00e7\u00e3o e contatos. Ap\u00f3s o registro, o usu\u00e1rio receber\u00e1 um e-mail com a confirma\u00e7\u00e3o de recebimento e depois a resposta definitiva para o processo. O usu\u00e1rio poder\u00e1 acompanhar o processo on line.   <\/p>\n<p>Quem quiser utilizar os servi\u00e7os digitais do Procon, deve acessar a p\u00e1gina <a href=\"\/\/www.procondigital.procon.df.gov.br%20das%2016h%20%C3%83%C2%A0s%2020h.%20\"><\/a><a href=\"http:\/\/www.procondigital.procon.df.gov.br\/\">www.procondigital.procon.df.gov.br<\/a> <\/p>\n","protected":false},"excerpt":{"rendered":"<p>A partir de amanh\u00e3 os consumidores do Distrito Federal ter\u00e3o um novo canal para denunciarem problemas com as empresas. Isso porque o Procon-DF vai lan\u00e7ar uma p\u00e1gina na internet onde o p\u00fablico pode reclamar e obter orienta\u00e7\u00f5es. \u00c9 a primeira vez que um Procon brasileiro disponibiliza todos os servi\u00e7os presenciais na rede. Por 90 dias a p\u00e1gina funcionar\u00e1 em car\u00e1ter [&hellip;]<\/p>\n","protected":false},"author":28,"featured_media":0,"comment_status":"open","ping_status":"open","sticky":false,"template":"","format":"standard","meta":{"footnotes":""},"categories":[1],"tags":[],"class_list":["post-139","post","type-post","status-publish","format-standard","hentry","category-sem-categoria"],"_links":{"self":[{"href":"https:\/\/blogs.correiobraziliense.com.br\/consumidor\/wp-json\/wp\/v2\/posts\/139","targetHints":{"allow":["GET"]}}],"collection":[{"href":"https:\/\/blogs.correiobraziliense.com.br\/consumidor\/wp-json\/wp\/v2\/posts"}],"about":[{"href":"https:\/\/blogs.correiobraziliense.com.br\/consumidor\/wp-json\/wp\/v2\/types\/post"}],"author":[{"embeddable":true,"href":"https:\/\/blogs.correiobraziliense.com.br\/consumidor\/wp-json\/wp\/v2\/users\/28"}],"replies":[{"embeddable":true,"href":"https:\/\/blogs.correiobraziliense.com.br\/consumidor\/wp-json\/wp\/v2\/comments?post=139"}],"version-history":[{"count":0,"href":"https:\/\/blogs.correiobraziliense.com.br\/consumidor\/wp-json\/wp\/v2\/posts\/139\/revisions"}],"wp:attachment":[{"href":"https:\/\/blogs.correiobraziliense.com.br\/consumidor\/wp-json\/wp\/v2\/media?parent=139"}],"wp:term":[{"taxonomy":"category","embeddable":true,"href":"https:\/\/blogs.correiobraziliense.com.br\/consumidor\/wp-json\/wp\/v2\/categories?post=139"},{"taxonomy":"post_tag","embeddable":true,"href":"https:\/\/blogs.correiobraziliense.com.br\/consumidor\/wp-json\/wp\/v2\/tags?post=139"}],"curies":[{"name":"wp","href":"https:\/\/api.w.org\/{rel}","templated":true}]}}