{"id":1380,"date":"2016-09-23T19:48:16","date_gmt":"2016-09-23T22:48:16","guid":{"rendered":"https:\/\/blogs.correiobraziliense.com.br\/consumidor\/?p=1380"},"modified":"2016-09-23T20:07:13","modified_gmt":"2016-09-23T23:07:13","slug":"governador-sanciona-lei-que-permite-abertura-do-comercio-aos-domingos","status":"publish","type":"post","link":"https:\/\/blogs.correiobraziliense.com.br\/consumidor\/governador-sanciona-lei-que-permite-abertura-do-comercio-aos-domingos\/","title":{"rendered":"Governador sanciona lei que permite abertura do com\u00e9rcio aos domingos"},"content":{"rendered":"<p>Por Alessandra Modzeleski, especial para o Correio<\/p>\n<p>Nesta sexta-feira (23\/9), o governador Rodrigo Rollemberg sancionou a lei que autoriza o funcionamento de lojas aos domingos. A decis\u00e3o autoriza que o dia seja considerado dia \u00fatil pelo com\u00e9rcio do Distrito Federal. A aprova\u00e7\u00e3o da Lei 3.893\/2016 ser\u00e1 publicada no Di\u00e1rio Oficial do DF na pr\u00f3xima segunda-feira (26\/9) e passa a valer a partir do primeiro domingo de outubro.<\/p>\n<p>O Sindivarejista (Sindicato do Com\u00e9rcio Varejista do Distrito Federal) considera a aprova\u00e7\u00e3o do texto uma fuga para a crise. \u201cAcreditamos que, a partir da san\u00e7\u00e3o dessa lei, a gera\u00e7\u00e3o de empregos vai crescer pelo menos 15%. Se o estabelecimento abre por mais tempo, precisa contratar mais\u201d, acredita o presidente Edson de Castro.<\/p>\n<p>Os shoppings abrem aos domingos normalmente durante seis horas. Mesmo assim, a Associa\u00e7\u00e3o Brasileira de Shoppings Centers (Abrasce) acredita que a decis\u00e3o garante a tranquilidade para o funcionamento do setor.\u00a0\u201cAplaudimos a san\u00e7\u00e3o da lei. O domingo \u00e9 um dos dias mais movimentados da semana no com\u00e9rcio. \u00c9 uma medida ben\u00e9fica para a gera\u00e7\u00e3o de empregos e para a popula\u00e7\u00e3o do DF\u201d.<\/p>\n<p>Para a Federa\u00e7\u00e3o dos Trabalhadores no Com\u00e9rcio e no Setor de Servi\u00e7os do Distrito Federal (Fetracom), a altera\u00e7\u00e3o significa o fim da remunera\u00e7\u00e3o de 50% sobre a hora normal para os trabalhadores que cumprirem jornada aos domingos, extin\u00e7\u00e3o das seis horas de trabalho para o dia e fim da obrigatoriedade de intercalar os domingos trabalhados. A entidade explica que a lei tira a for\u00e7a da conven\u00e7\u00e3o coletiva, dessa forma, o trabalhador fica fora do processo de negocia\u00e7\u00e3o.<\/p>\n","protected":false},"excerpt":{"rendered":"<p>Por Alessandra Modzeleski, especial para o Correio Nesta sexta-feira (23\/9), o governador Rodrigo Rollemberg sancionou a lei que autoriza o funcionamento de lojas aos domingos. A decis\u00e3o autoriza que o dia seja considerado dia \u00fatil pelo com\u00e9rcio do Distrito Federal. A aprova\u00e7\u00e3o da Lei 3.893\/2016 ser\u00e1 publicada no Di\u00e1rio Oficial do DF na pr\u00f3xima segunda-feira (26\/9) e passa a valer [&hellip;]<\/p>\n","protected":false},"author":28,"featured_media":1382,"comment_status":"open","ping_status":"closed","sticky":false,"template":"","format":"standard","meta":{"footnotes":""},"categories":[144],"tags":[5,204,205,118],"class_list":["post-1380","post","type-post","status-publish","format-standard","has-post-thumbnail","hentry","category-consumidor","tag-comercio","tag-fetracom","tag-lei","tag-rollemberg"],"_links":{"self":[{"href":"https:\/\/blogs.correiobraziliense.com.br\/consumidor\/wp-json\/wp\/v2\/posts\/1380","targetHints":{"allow":["GET"]}}],"collection":[{"href":"https:\/\/blogs.correiobraziliense.com.br\/consumidor\/wp-json\/wp\/v2\/posts"}],"about":[{"href":"https:\/\/blogs.correiobraziliense.com.br\/consumidor\/wp-json\/wp\/v2\/types\/post"}],"author":[{"embeddable":true,"href":"https:\/\/blogs.correiobraziliense.com.br\/consumidor\/wp-json\/wp\/v2\/users\/28"}],"replies":[{"embeddable":true,"href":"https:\/\/blogs.correiobraziliense.com.br\/consumidor\/wp-json\/wp\/v2\/comments?post=1380"}],"version-history":[{"count":4,"href":"https:\/\/blogs.correiobraziliense.com.br\/consumidor\/wp-json\/wp\/v2\/posts\/1380\/revisions"}],"predecessor-version":[{"id":1385,"href":"https:\/\/blogs.correiobraziliense.com.br\/consumidor\/wp-json\/wp\/v2\/posts\/1380\/revisions\/1385"}],"wp:featuredmedia":[{"embeddable":true,"href":"https:\/\/blogs.correiobraziliense.com.br\/consumidor\/wp-json\/wp\/v2\/media\/1382"}],"wp:attachment":[{"href":"https:\/\/blogs.correiobraziliense.com.br\/consumidor\/wp-json\/wp\/v2\/media?parent=1380"}],"wp:term":[{"taxonomy":"category","embeddable":true,"href":"https:\/\/blogs.correiobraziliense.com.br\/consumidor\/wp-json\/wp\/v2\/categories?post=1380"},{"taxonomy":"post_tag","embeddable":true,"href":"https:\/\/blogs.correiobraziliense.com.br\/consumidor\/wp-json\/wp\/v2\/tags?post=1380"}],"curies":[{"name":"wp","href":"https:\/\/api.w.org\/{rel}","templated":true}]}}