{"id":1362,"date":"2016-09-06T16:16:41","date_gmt":"2016-09-06T19:16:41","guid":{"rendered":"https:\/\/blogs.correiobraziliense.com.br\/consumidor\/?p=1362"},"modified":"2016-09-06T16:16:41","modified_gmt":"2016-09-06T19:16:41","slug":"comercio-fecha-as-portas-no-7-de-setembro-shoppings-abrem-lazer-e-alimentacao","status":"publish","type":"post","link":"https:\/\/blogs.correiobraziliense.com.br\/consumidor\/comercio-fecha-as-portas-no-7-de-setembro-shoppings-abrem-lazer-e-alimentacao\/","title":{"rendered":"Com\u00e9rcio fecha as portas no 7 de setembro; shoppings abrem lazer e alimenta\u00e7\u00e3o"},"content":{"rendered":"<p>O com\u00e9rcio de rua e as lojas localizadas em shopping centers fecham as portas no feriado desta quarta-feira (7\/9). As informa\u00e7\u00f5es s\u00e3o do Sindicato do Com\u00e9rcio Varejista do Distrito Federal.\u00a0De acordo com o sindicato, a determina\u00e7\u00e3o \u00e9 da conven\u00e7\u00e3o coletiva de trabalho assinada entre patr\u00f5es e empregados.<\/p>\n<p>Nos shoppings, dever\u00e3o abrir apenas as \u00e1reas de lazer e de alimenta\u00e7\u00e3o.<\/p>\n","protected":false},"excerpt":{"rendered":"<p>O com\u00e9rcio de rua e as lojas localizadas em shopping centers fecham as portas no feriado desta quarta-feira (7\/9). As informa\u00e7\u00f5es s\u00e3o do Sindicato do Com\u00e9rcio Varejista do Distrito Federal.\u00a0De acordo com o sindicato, a determina\u00e7\u00e3o \u00e9 da conven\u00e7\u00e3o coletiva de trabalho assinada entre patr\u00f5es e empregados. Nos shoppings, dever\u00e3o abrir apenas as \u00e1reas de lazer e de alimenta\u00e7\u00e3o.<\/p>\n","protected":false},"author":28,"featured_media":0,"comment_status":"open","ping_status":"closed","sticky":false,"template":"","format":"standard","meta":{"footnotes":""},"categories":[144],"tags":[],"class_list":["post-1362","post","type-post","status-publish","format-standard","hentry","category-consumidor"],"_links":{"self":[{"href":"https:\/\/blogs.correiobraziliense.com.br\/consumidor\/wp-json\/wp\/v2\/posts\/1362","targetHints":{"allow":["GET"]}}],"collection":[{"href":"https:\/\/blogs.correiobraziliense.com.br\/consumidor\/wp-json\/wp\/v2\/posts"}],"about":[{"href":"https:\/\/blogs.correiobraziliense.com.br\/consumidor\/wp-json\/wp\/v2\/types\/post"}],"author":[{"embeddable":true,"href":"https:\/\/blogs.correiobraziliense.com.br\/consumidor\/wp-json\/wp\/v2\/users\/28"}],"replies":[{"embeddable":true,"href":"https:\/\/blogs.correiobraziliense.com.br\/consumidor\/wp-json\/wp\/v2\/comments?post=1362"}],"version-history":[{"count":1,"href":"https:\/\/blogs.correiobraziliense.com.br\/consumidor\/wp-json\/wp\/v2\/posts\/1362\/revisions"}],"predecessor-version":[{"id":1365,"href":"https:\/\/blogs.correiobraziliense.com.br\/consumidor\/wp-json\/wp\/v2\/posts\/1362\/revisions\/1365"}],"wp:attachment":[{"href":"https:\/\/blogs.correiobraziliense.com.br\/consumidor\/wp-json\/wp\/v2\/media?parent=1362"}],"wp:term":[{"taxonomy":"category","embeddable":true,"href":"https:\/\/blogs.correiobraziliense.com.br\/consumidor\/wp-json\/wp\/v2\/categories?post=1362"},{"taxonomy":"post_tag","embeddable":true,"href":"https:\/\/blogs.correiobraziliense.com.br\/consumidor\/wp-json\/wp\/v2\/tags?post=1362"}],"curies":[{"name":"wp","href":"https:\/\/api.w.org\/{rel}","templated":true}]}}