{"id":1352,"date":"2016-09-02T16:47:36","date_gmt":"2016-09-02T19:47:36","guid":{"rendered":"https:\/\/blogs.correiobraziliense.com.br\/consumidor\/?p=1352"},"modified":"2016-09-02T16:47:36","modified_gmt":"2016-09-02T19:47:36","slug":"extrato-de-tomate-elefante-pomarola-passam-por-recall","status":"publish","type":"post","link":"https:\/\/blogs.correiobraziliense.com.br\/consumidor\/extrato-de-tomate-elefante-pomarola-passam-por-recall\/","title":{"rendered":"Extrato de tomate Elefante e molho Pomarola passam por recall ap\u00f3s den\u00fancia de pelo de rato nas embalagens"},"content":{"rendered":"<figure id=\"attachment_1353\" aria-describedby=\"caption-attachment-1353\" style=\"width: 275px\" class=\"wp-caption aligncenter\"><a href=\"https:\/\/blogs.correiobraziliense.com.br\/consumidor\/wp-content\/uploads\/sites\/11\/2016\/09\/elefante-2.jpg\" rel=\"attachment wp-att-1353\"><img loading=\"lazy\" decoding=\"async\" class=\" wp-image-1353\" src=\"https:\/\/blogs.correiobraziliense.com.br\/consumidor\/wp-content\/uploads\/sites\/11\/2016\/09\/elefante-2.jpg\" alt=\"Reprodu\u00e7\u00e3o internet\" width=\"275\" height=\"275\" srcset=\"https:\/\/blogs.correiobraziliense.com.br\/consumidor\/wp-content\/uploads\/sites\/11\/2016\/09\/elefante-2.jpg 500w, https:\/\/blogs.correiobraziliense.com.br\/consumidor\/wp-content\/uploads\/sites\/11\/2016\/09\/elefante-2-150x150.jpg 150w, https:\/\/blogs.correiobraziliense.com.br\/consumidor\/wp-content\/uploads\/sites\/11\/2016\/09\/elefante-2-300x300.jpg 300w, https:\/\/blogs.correiobraziliense.com.br\/consumidor\/wp-content\/uploads\/sites\/11\/2016\/09\/elefante-2-350x350.jpg 350w, https:\/\/blogs.correiobraziliense.com.br\/consumidor\/wp-content\/uploads\/sites\/11\/2016\/09\/elefante-2-230x230.jpg 230w\" sizes=\"auto, (max-width: 275px) 100vw, 275px\" \/><\/a><figcaption id=\"caption-attachment-1353\" class=\"wp-caption-text\">Reprodu\u00e7\u00e3o internet<\/figcaption><\/figure>\n<p>Ap\u00f3s a den\u00fancia de pelo de roedor nas latas de extrato de tomate nas marcas Elefante e no molho Pomarola, a empresa respons\u00e1vel pelos produtos, Cargill Agr\u00edcola, chamou os clientes para o recall dos produtos.<\/p>\n<p>No comunicado, a empresa recomenda que os consumidores entrem em contato com o Servi\u00e7o de Atendimento ao Consumidor (SAC) da empresa pelo telefone 0800-6480808 para agendar sua substitui\u00e7\u00e3o, gratuitamente.<\/p>\n<p>O recall atende os seguintes produtos: \u00a0lote\u00a0<strong>L011810<\/strong> do extrato de tomate da marca Elefante, embalagem lata, com conte\u00fado l\u00edquido 340g e com data de validade de 7\/10\/16;\u00a0lote <strong>L032502<\/strong> do extrato de tomate da marca Elefante, embalagem sach\u00ea, com conte\u00fado l\u00edquido 190g e data de validade 18\/8\/17 e o lote<strong> L030903<\/strong> do molho de tomate tradicional da marca Pomarola, embalagem sach\u00ea, com conte\u00fado l\u00edquido 340g e data de validade de 31\/8\/17.<\/p>\n<figure id=\"attachment_1354\" aria-describedby=\"caption-attachment-1354\" style=\"width: 198px\" class=\"wp-caption alignright\"><a href=\"https:\/\/blogs.correiobraziliense.com.br\/consumidor\/wp-content\/uploads\/sites\/11\/2016\/09\/pomarola.jpg\" rel=\"attachment wp-att-1354\"><img loading=\"lazy\" decoding=\"async\" class=\" wp-image-1354\" src=\"https:\/\/blogs.correiobraziliense.com.br\/consumidor\/wp-content\/uploads\/sites\/11\/2016\/09\/pomarola.jpg\" alt=\"Reprodu\u00e7\u00e3o internet\" width=\"198\" height=\"198\" srcset=\"https:\/\/blogs.correiobraziliense.com.br\/consumidor\/wp-content\/uploads\/sites\/11\/2016\/09\/pomarola.jpg 600w, https:\/\/blogs.correiobraziliense.com.br\/consumidor\/wp-content\/uploads\/sites\/11\/2016\/09\/pomarola-150x150.jpg 150w, https:\/\/blogs.correiobraziliense.com.br\/consumidor\/wp-content\/uploads\/sites\/11\/2016\/09\/pomarola-300x300.jpg 300w, https:\/\/blogs.correiobraziliense.com.br\/consumidor\/wp-content\/uploads\/sites\/11\/2016\/09\/pomarola-350x350.jpg 350w, https:\/\/blogs.correiobraziliense.com.br\/consumidor\/wp-content\/uploads\/sites\/11\/2016\/09\/pomarola-550x550.jpg 550w, https:\/\/blogs.correiobraziliense.com.br\/consumidor\/wp-content\/uploads\/sites\/11\/2016\/09\/pomarola-230x230.jpg 230w\" sizes=\"auto, (max-width: 198px) 100vw, 198px\" \/><\/a><figcaption id=\"caption-attachment-1354\" class=\"wp-caption-text\">Reprodu\u00e7\u00e3o internet<\/figcaption><\/figure>\n<p>Quanto aos riscos \u00e0 sa\u00fade e \u00e0 seguran\u00e7a dos consumidores, a empresa informou ter detectado a possibilidade de &#8220;exist\u00eancia de fragmentos de pelo de roedor acima do limite m\u00e1ximo de toler\u00e2ncia&#8221;.<\/p>\n<p>A empresa chamou para recall depois que a Vigil\u00e2ncia Sanit\u00e1ria de Santa Catarina constatou a presen\u00e7a de elementos histol\u00f3gicos de Origanum vulgare (or\u00e9gano) n\u00e3o t\u00edpico do produto e de fragmentos de pelo de roedor em quantidade superior ao limite permitido, situa\u00e7\u00e3o considerada pela Ag\u00eancia Nacional de Vigil\u00e2ncia Sanit\u00e1ria como &#8220;indicativo de risco \u00e0 sa\u00fade humana&#8221;.<\/p>\n<p>&nbsp;<\/p>\n","protected":false},"excerpt":{"rendered":"<p>Ap\u00f3s a den\u00fancia de pelo de roedor nas latas de extrato de tomate nas marcas Elefante e no molho Pomarola, a empresa respons\u00e1vel pelos produtos, Cargill Agr\u00edcola, chamou os clientes para o recall dos produtos. No comunicado, a empresa recomenda que os consumidores entrem em contato com o Servi\u00e7o de Atendimento ao Consumidor (SAC) da empresa pelo telefone 0800-6480808 para [&hellip;]<\/p>\n","protected":false},"author":28,"featured_media":0,"comment_status":"open","ping_status":"closed","sticky":false,"template":"","format":"standard","meta":{"footnotes":""},"categories":[144],"tags":[196,197,195,198,122],"class_list":["post-1352","post","type-post","status-publish","format-standard","hentry","category-consumidor","tag-cargill","tag-elefante","tag-molho-de-tomate","tag-pomarola","tag-recall"],"_links":{"self":[{"href":"https:\/\/blogs.correiobraziliense.com.br\/consumidor\/wp-json\/wp\/v2\/posts\/1352","targetHints":{"allow":["GET"]}}],"collection":[{"href":"https:\/\/blogs.correiobraziliense.com.br\/consumidor\/wp-json\/wp\/v2\/posts"}],"about":[{"href":"https:\/\/blogs.correiobraziliense.com.br\/consumidor\/wp-json\/wp\/v2\/types\/post"}],"author":[{"embeddable":true,"href":"https:\/\/blogs.correiobraziliense.com.br\/consumidor\/wp-json\/wp\/v2\/users\/28"}],"replies":[{"embeddable":true,"href":"https:\/\/blogs.correiobraziliense.com.br\/consumidor\/wp-json\/wp\/v2\/comments?post=1352"}],"version-history":[{"count":1,"href":"https:\/\/blogs.correiobraziliense.com.br\/consumidor\/wp-json\/wp\/v2\/posts\/1352\/revisions"}],"predecessor-version":[{"id":1355,"href":"https:\/\/blogs.correiobraziliense.com.br\/consumidor\/wp-json\/wp\/v2\/posts\/1352\/revisions\/1355"}],"wp:attachment":[{"href":"https:\/\/blogs.correiobraziliense.com.br\/consumidor\/wp-json\/wp\/v2\/media?parent=1352"}],"wp:term":[{"taxonomy":"category","embeddable":true,"href":"https:\/\/blogs.correiobraziliense.com.br\/consumidor\/wp-json\/wp\/v2\/categories?post=1352"},{"taxonomy":"post_tag","embeddable":true,"href":"https:\/\/blogs.correiobraziliense.com.br\/consumidor\/wp-json\/wp\/v2\/tags?post=1352"}],"curies":[{"name":"wp","href":"https:\/\/api.w.org\/{rel}","templated":true}]}}