{"id":1348,"date":"2016-09-02T14:48:44","date_gmt":"2016-09-02T17:48:44","guid":{"rendered":"https:\/\/blogs.correiobraziliense.com.br\/consumidor\/?p=1348"},"modified":"2016-09-02T15:03:40","modified_gmt":"2016-09-02T18:03:40","slug":"gdf-atrasa-pagamento-de-nota-legal-e-promete-pagar-este-mes","status":"publish","type":"post","link":"https:\/\/blogs.correiobraziliense.com.br\/consumidor\/gdf-atrasa-pagamento-de-nota-legal-e-promete-pagar-este-mes\/","title":{"rendered":"GDF atrasa pagamento de Nota Legal e promete repasse este m\u00eas"},"content":{"rendered":"<p>O governo do Distrito Federal promete pagar os cr\u00e9ditos em dinheiro do programa Nota Legal a partir da pr\u00f3xima ter\u00e7a-feira (6\/9) e os dep\u00f3sitos devem ser efetuados at\u00e9 o pr\u00f3ximo dia 16\/9. A quita\u00e7\u00e3o deve ocorrer com mais de duas semanas de atraso do que o prazo anunciado inicialmente pelo governo. A previs\u00e3o era que os contribuintes receberiam os valores ainda em agosto. A Secretaria de Fazenda justificou o atraso alegando dificuldades or\u00e7ament\u00e1rias e problemas\u00a0causados pela identifica\u00e7\u00e3o de inconsist\u00eancias nos dados pessoais e banc\u00e1rios informados pelos benefici\u00e1rios.<\/p>\n<p>Ao todo, ser\u00e3o restitu\u00eddos cerca de R$ 4,6 milh\u00f5es para os quase 35 mil contribuintes que fizeram a indica\u00e7\u00e3o em junho.<\/p>\n<p>Os consumidores receber\u00e3o escalonados em sete lotes com at\u00e9 cinco mil Cadastros de Pessoa F\u00edsica (CPF).\u00a0A regra geral de prioridade nos repasses obedecer\u00e1 \u00e0 ordem cronol\u00f3gica de indica\u00e7\u00e3o, com exce\u00e7\u00e3o daqueles que fizeram o procedimento no in\u00edcio do prazo e tiveram a solicita\u00e7\u00e3o estornada ou retida por alguma diverg\u00eancia nos dados.<\/p>\n<p>&nbsp;<\/p>\n<p>&nbsp;<\/p>\n","protected":false},"excerpt":{"rendered":"<p>O governo do Distrito Federal promete pagar os cr\u00e9ditos em dinheiro do programa Nota Legal a partir da pr\u00f3xima ter\u00e7a-feira (6\/9) e os dep\u00f3sitos devem ser efetuados at\u00e9 o pr\u00f3ximo dia 16\/9. A quita\u00e7\u00e3o deve ocorrer com mais de duas semanas de atraso do que o prazo anunciado inicialmente pelo governo. A previs\u00e3o era que os contribuintes receberiam os valores [&hellip;]<\/p>\n","protected":false},"author":28,"featured_media":0,"comment_status":"open","ping_status":"closed","sticky":false,"template":"","format":"standard","meta":{"footnotes":""},"categories":[144],"tags":[],"class_list":["post-1348","post","type-post","status-publish","format-standard","hentry","category-consumidor"],"_links":{"self":[{"href":"https:\/\/blogs.correiobraziliense.com.br\/consumidor\/wp-json\/wp\/v2\/posts\/1348","targetHints":{"allow":["GET"]}}],"collection":[{"href":"https:\/\/blogs.correiobraziliense.com.br\/consumidor\/wp-json\/wp\/v2\/posts"}],"about":[{"href":"https:\/\/blogs.correiobraziliense.com.br\/consumidor\/wp-json\/wp\/v2\/types\/post"}],"author":[{"embeddable":true,"href":"https:\/\/blogs.correiobraziliense.com.br\/consumidor\/wp-json\/wp\/v2\/users\/28"}],"replies":[{"embeddable":true,"href":"https:\/\/blogs.correiobraziliense.com.br\/consumidor\/wp-json\/wp\/v2\/comments?post=1348"}],"version-history":[{"count":2,"href":"https:\/\/blogs.correiobraziliense.com.br\/consumidor\/wp-json\/wp\/v2\/posts\/1348\/revisions"}],"predecessor-version":[{"id":1351,"href":"https:\/\/blogs.correiobraziliense.com.br\/consumidor\/wp-json\/wp\/v2\/posts\/1348\/revisions\/1351"}],"wp:attachment":[{"href":"https:\/\/blogs.correiobraziliense.com.br\/consumidor\/wp-json\/wp\/v2\/media?parent=1348"}],"wp:term":[{"taxonomy":"category","embeddable":true,"href":"https:\/\/blogs.correiobraziliense.com.br\/consumidor\/wp-json\/wp\/v2\/categories?post=1348"},{"taxonomy":"post_tag","embeddable":true,"href":"https:\/\/blogs.correiobraziliense.com.br\/consumidor\/wp-json\/wp\/v2\/tags?post=1348"}],"curies":[{"name":"wp","href":"https:\/\/api.w.org\/{rel}","templated":true}]}}