{"id":132,"date":"2012-04-24T16:05:00","date_gmt":"2012-04-24T19:05:00","guid":{"rendered":"https:\/\/blogs.correiobraziliense.com.br\/consumidor\/ministerio_da_justica_processa_claro_por_cobrancas_indevidas\/"},"modified":"2012-04-24T16:05:00","modified_gmt":"2012-04-24T19:05:00","slug":"ministerio_da_justica_processa_claro_por_cobrancas_indevidas","status":"publish","type":"post","link":"https:\/\/blogs.correiobraziliense.com.br\/consumidor\/ministerio_da_justica_processa_claro_por_cobrancas_indevidas\/","title":{"rendered":"Minist\u00e9rio da Justi\u00e7a processa Claro por cobran\u00e7as indevidas"},"content":{"rendered":"<div class=\"cEZTFont1\">O Departamento de Prote\u00e7\u00e3o e Defesa do Consumidor do  Minist\u00e9rio da Justi\u00e7a (DPDC\/MJ) instaurou processo administrativo nesta  ter\u00e7a-feira para apurar den\u00fancias de que a operadora de  telefonia celular Claro estaria realizando cobran\u00e7as indevidas de  servi\u00e7os n\u00e3o contratados pelo consumidor, servi\u00e7os como \u201cClub Dance\u201d (de  m\u00fasicas e mensagens), com renova\u00e7\u00e3o autom\u00e1tica, sem qualquer  solicita\u00e7\u00e3o do consumidor.     <\/p>\n<p>As den\u00fancias partiram do Procon  Estadual de Tocantins, que enviou documentos ao DPDC demonstrando as  cobran\u00e7as indevidas feitas a v\u00e1rios consumidores. Depois de examinar  esses documentos e de ouvir, de forma preliminar, a empresa, o  Departamento concluiu que h\u00e1 ind\u00edcios de infra\u00e7\u00e3o a direitos b\u00e1sicos do  consumidor e de pr\u00e1tica comercial abusiva no fornecimento de servi\u00e7os.      <\/p>\n<p>A  Claro tem dez dias, a partir do recebimento da notifica\u00e7\u00e3o, para  apresentar sua defesa. Se for constatada infra\u00e7\u00e3o, a empresa poder\u00e1 ser  multada em at\u00e9 R$ 6,2 milh\u00f5es, de acordo com o C\u00f3digo de Defesa do  Consumidor.&nbsp;  <\/p>\n<p>Com informa\u00e7\u00f5es do Minist\u00e9rio da Justi\u00e7a <\/p><\/div>\n<p>  <img decoding=\"async\" src=\"https:\/\/blogs.correiobraziliense.com.br\/wp-content\/uploads\/blog-consumidor\/pix.gif\">        <\/p>\n<p><img decoding=\"async\" src=\"https:\/\/blogs.correiobraziliense.com.br\/wp-content\/uploads\/blog-consumidor\/pix.gif\">         <\/p>\n<p>  <img decoding=\"async\" src=\"https:\/\/blogs.correiobraziliense.com.br\/wp-content\/uploads\/blog-consumidor\/pix.gif\">   <\/p>\n","protected":false},"excerpt":{"rendered":"<p>O Departamento de Prote\u00e7\u00e3o e Defesa do Consumidor do Minist\u00e9rio da Justi\u00e7a (DPDC\/MJ) instaurou processo administrativo nesta ter\u00e7a-feira para apurar den\u00fancias de que a operadora de telefonia celular Claro estaria realizando cobran\u00e7as indevidas de servi\u00e7os n\u00e3o contratados pelo consumidor, servi\u00e7os como \u201cClub Dance\u201d (de m\u00fasicas e mensagens), com renova\u00e7\u00e3o autom\u00e1tica, sem qualquer solicita\u00e7\u00e3o do consumidor. As den\u00fancias partiram do Procon [&hellip;]<\/p>\n","protected":false},"author":28,"featured_media":0,"comment_status":"open","ping_status":"open","sticky":false,"template":"","format":"standard","meta":{"footnotes":""},"categories":[1],"tags":[],"class_list":["post-132","post","type-post","status-publish","format-standard","hentry","category-sem-categoria"],"_links":{"self":[{"href":"https:\/\/blogs.correiobraziliense.com.br\/consumidor\/wp-json\/wp\/v2\/posts\/132","targetHints":{"allow":["GET"]}}],"collection":[{"href":"https:\/\/blogs.correiobraziliense.com.br\/consumidor\/wp-json\/wp\/v2\/posts"}],"about":[{"href":"https:\/\/blogs.correiobraziliense.com.br\/consumidor\/wp-json\/wp\/v2\/types\/post"}],"author":[{"embeddable":true,"href":"https:\/\/blogs.correiobraziliense.com.br\/consumidor\/wp-json\/wp\/v2\/users\/28"}],"replies":[{"embeddable":true,"href":"https:\/\/blogs.correiobraziliense.com.br\/consumidor\/wp-json\/wp\/v2\/comments?post=132"}],"version-history":[{"count":0,"href":"https:\/\/blogs.correiobraziliense.com.br\/consumidor\/wp-json\/wp\/v2\/posts\/132\/revisions"}],"wp:attachment":[{"href":"https:\/\/blogs.correiobraziliense.com.br\/consumidor\/wp-json\/wp\/v2\/media?parent=132"}],"wp:term":[{"taxonomy":"category","embeddable":true,"href":"https:\/\/blogs.correiobraziliense.com.br\/consumidor\/wp-json\/wp\/v2\/categories?post=132"},{"taxonomy":"post_tag","embeddable":true,"href":"https:\/\/blogs.correiobraziliense.com.br\/consumidor\/wp-json\/wp\/v2\/tags?post=132"}],"curies":[{"name":"wp","href":"https:\/\/api.w.org\/{rel}","templated":true}]}}