{"id":129,"date":"2012-04-23T11:49:00","date_gmt":"2012-04-23T14:49:00","guid":{"rendered":"https:\/\/blogs.correiobraziliense.com.br\/consumidor\/advogado_anuncia_no_mercado_livre_e_oab_instaura_processo_etico\/"},"modified":"2012-04-23T11:49:00","modified_gmt":"2012-04-23T14:49:00","slug":"advogado_anuncia_no_mercado_livre_e_oab_instaura_processo_etico","status":"publish","type":"post","link":"https:\/\/blogs.correiobraziliense.com.br\/consumidor\/advogado_anuncia_no_mercado_livre_e_oab_instaura_processo_etico\/","title":{"rendered":"Advogado anuncia no Mercado Livre e OAB instaura processo \u00e9tico"},"content":{"rendered":"\n<p>Uma promo\u00e7\u00e3o de servi\u00e7os jur\u00eddicos a R$ 25 no site Mercado Livre levou o Tribunal de \u00c9tica da Ordem dos Advogados do Brasil, se\u00e7\u00e3o Par\u00e1, a instaurar um processo \u00e9tico-disciplinar contra o advogado respons\u00e1vel.       <\/p>\n<p>O an\u00fancio foi visto por uma advogada do Distrito Federal que denunciou a oferta, considerada infra\u00e7\u00e3o pelo C\u00f3digo de \u00c9tica da categoria e ofensa \u00e0s regras regulamentadores da publicidade baixadas pelo Conselho Federal da OAB. Por isso, coube processo disciplinar que pode resultar em advert\u00eancia ou suspens\u00e3o da carteira profissional.   <\/p>\n<p>Outros casos       <\/p>\n<p> No ano passado, a OAB-DF tamb\u00e9m instaurou processo  contra uma advogada que anunciou a promo\u00e7\u00e3o&nbsp;de servi\u00e7os jur\u00eddicos no site Cupom  Social, com liquida\u00e7\u00e3o dos servi\u00e7os que eram de R$ 400,00 por R$  105,60. &nbsp;<\/p>\n<div style=\"text-align: justify\"><\/div>\n","protected":false},"excerpt":{"rendered":"<p>Uma promo\u00e7\u00e3o de servi\u00e7os jur\u00eddicos a R$ 25 no site Mercado Livre levou o Tribunal de \u00c9tica da Ordem dos Advogados do Brasil, se\u00e7\u00e3o Par\u00e1, a instaurar um processo \u00e9tico-disciplinar contra o advogado respons\u00e1vel. O an\u00fancio foi visto por uma advogada do Distrito Federal que denunciou a oferta, considerada infra\u00e7\u00e3o pelo C\u00f3digo de \u00c9tica da categoria e ofensa \u00e0s regras [&hellip;]<\/p>\n","protected":false},"author":28,"featured_media":0,"comment_status":"open","ping_status":"open","sticky":false,"template":"","format":"standard","meta":{"footnotes":""},"categories":[1],"tags":[],"class_list":["post-129","post","type-post","status-publish","format-standard","hentry","category-sem-categoria"],"_links":{"self":[{"href":"https:\/\/blogs.correiobraziliense.com.br\/consumidor\/wp-json\/wp\/v2\/posts\/129","targetHints":{"allow":["GET"]}}],"collection":[{"href":"https:\/\/blogs.correiobraziliense.com.br\/consumidor\/wp-json\/wp\/v2\/posts"}],"about":[{"href":"https:\/\/blogs.correiobraziliense.com.br\/consumidor\/wp-json\/wp\/v2\/types\/post"}],"author":[{"embeddable":true,"href":"https:\/\/blogs.correiobraziliense.com.br\/consumidor\/wp-json\/wp\/v2\/users\/28"}],"replies":[{"embeddable":true,"href":"https:\/\/blogs.correiobraziliense.com.br\/consumidor\/wp-json\/wp\/v2\/comments?post=129"}],"version-history":[{"count":0,"href":"https:\/\/blogs.correiobraziliense.com.br\/consumidor\/wp-json\/wp\/v2\/posts\/129\/revisions"}],"wp:attachment":[{"href":"https:\/\/blogs.correiobraziliense.com.br\/consumidor\/wp-json\/wp\/v2\/media?parent=129"}],"wp:term":[{"taxonomy":"category","embeddable":true,"href":"https:\/\/blogs.correiobraziliense.com.br\/consumidor\/wp-json\/wp\/v2\/categories?post=129"},{"taxonomy":"post_tag","embeddable":true,"href":"https:\/\/blogs.correiobraziliense.com.br\/consumidor\/wp-json\/wp\/v2\/tags?post=129"}],"curies":[{"name":"wp","href":"https:\/\/api.w.org\/{rel}","templated":true}]}}